{"id":27858,"date":"2023-08-01T23:46:33","date_gmt":"2023-08-02T05:46:33","guid":{"rendered":"http:\/\/elobservatorio.com.mx\/?p=27858"},"modified":"2023-08-01T23:49:16","modified_gmt":"2023-08-02T05:49:16","slug":"sigue-colapsando-el-servicio-de-la-comapat-caleras-cumple-tres-dias-sin-agua","status":"publish","type":"post","link":"http:\/\/elobservatorio.com.mx\/?p=27858","title":{"rendered":"Sigue colapsando el servicio de la COMAPAT; Caleras cumple tres d\u00edas sin agua"},"content":{"rendered":"<div class=\"xdj266r x11i5rnm xat24cr x1mh8g0r x1vvkbs x126k92a\">\n<div dir=\"auto\"><em>*Debido a que se da\u00f1\u00f3 la bomba que abastece al pozo de la comunidad, el organismo operador los dej\u00f3 sin el vital liquido.<\/em><\/div>\n<div dir=\"auto\"><\/div>\n<div dir=\"auto\">Tecom\u00e1n Col.- Habitantes de la comunidad de Caleras, cumplieron este martes tres d\u00edas sin el servicio de agua potable, debido a qua se da\u00f1\u00f3 la bomba que abastece al pozo de la comunidad, por lo que las familias est\u00e1n desesperadas ya que no cuentan con agua ni para ba\u00f1arse.<\/div>\n<div dir=\"auto\"><\/div>\n<\/div>\n<div dir=\"auto\">Este d\u00eda, el <em>Observatorio Noticias<\/em>, acudi\u00f3 a la comunidad para recabar informaci\u00f3n de c\u00f3mo le est\u00e1n haciendo en estos d\u00edas que no cuentan con el vital liquido.<\/div>\n<div dir=\"auto\">En entrevista, el presidente de la Junta Municipal, <strong>Angel Pano Ru\u00edz<\/strong>, coment\u00f3 que se le han acercado para solicitarle el apoyo ya que no tienen agua ni para lavar sus trastes,\u00a0 mucho menos para ba\u00f1arse.<\/div>\n<div dir=\"auto\"><\/div>\n<div dir=\"auto\">\u00abSe les ha estado apoyando con pipas casa por casa, pero han sido insuficientes, ya que la Comisi\u00f3n Municipal de Agua Potable y Alcantarillado de Tecom\u00e1n( COMAPAT) nom\u00e1s ha enviado una y la empresa Holcim Apasco que nos apoy\u00f3 con otra\u00a0 pipa pero\u00a0 peque\u00f1a. Nos dijeron en COMAPAT que el desabasto se debe a que se da\u00f1\u00f3 la bomba,\u00a0 pero no hay fecha para solucionarlo porque dicha bomba viene desde Monterrey,\u00a0 Nuevo Le\u00f3n y que llegar\u00eda hasta el d\u00eda de ma\u00f1ana mi\u00e9rcoles, pero no se sabe la hora exacta, mientras tanto aqu\u00ed estamos sufriendo por la falta del vital liquido\u00bb.<\/div>\n<div class=\"x11i5rnm xat24cr x1mh8g0r x1vvkbs xtlvy1s x126k92a\">\n<div dir=\"auto\"><\/div>\n<div dir=\"auto\">Pano Ru\u00eda hizo el llamado a los diputados, regidores, a los representantes populares\u00a0 a que apoyen con pipas, hay personas que absolutamente ya no tienen nada de agua, ni para lavar trastes y no tienen en que ir a traer, ni mucho menos\u00a0 dinero.<\/div>\n<div dir=\"auto\"><\/div>\n<div dir=\"auto\">Dijo que muy desesperados acuden solicitando el apoyo, porque ocupan que pasen tambi\u00e9n por sus casas hacer el recorrido y dejarles un poco de agua, sobretodo ahorita en temporada de calor, pero es insuficiente el agua que nos env\u00edan.<\/div>\n<div dir=\"auto\"><\/div>\n<\/div>\n<div class=\"x11i5rnm xat24cr x1mh8g0r x1vvkbs xtlvy1s x126k92a\">\n<div dir=\"auto\">\u00abPor eso se est\u00e1 este pidiendo el apoyo de regidores y diputados, m\u00e1s a los que les corresponde esta zona, esta \u00e1rea de ac\u00e1, que no olviden Caleras ahorita que la gente necesita de ellos. Necesitamos pipas de agua porque la que nos envi\u00f3 la COMAPAT es insuficiente, concluy\u00f3<\/div>\n<\/div>\n","protected":false},"excerpt":{"rendered":"<p>*Debido a que se da\u00f1\u00f3 la bomba que abastece al pozo de la comunidad, el organismo operador los dej\u00f3 sin el vital liquido. Tecom\u00e1n Col.- Habitantes de la comunidad de Caleras, cumplieron este martes tres d\u00edas sin el servicio de agua potable, debido a qua se da\u00f1\u00f3 la bomba que abastece al pozo de la&#8230;<\/p>\n","protected":false},"author":2,"featured_media":27859,"comment_status":"open","ping_status":"open","sticky":false,"template":"","format":"standard","meta":{"footnotes":""},"categories":[12,34],"tags":[29,30,28],"class_list":["post-27858","post","type-post","status-publish","format-standard","has-post-thumbnail","hentry","category-sociedad","category-tecoman","tag-grid","tag-news","tag-slider"],"_links":{"self":[{"href":"http:\/\/elobservatorio.com.mx\/index.php?rest_route=\/wp\/v2\/posts\/27858"}],"collection":[{"href":"http:\/\/elobservatorio.com.mx\/index.php?rest_route=\/wp\/v2\/posts"}],"about":[{"href":"http:\/\/elobservatorio.com.mx\/index.php?rest_route=\/wp\/v2\/types\/post"}],"author":[{"embeddable":true,"href":"http:\/\/elobservatorio.com.mx\/index.php?rest_route=\/wp\/v2\/users\/2"}],"replies":[{"embeddable":true,"href":"http:\/\/elobservatorio.com.mx\/index.php?rest_route=%2Fwp%2Fv2%2Fcomments&post=27858"}],"version-history":[{"count":0,"href":"http:\/\/elobservatorio.com.mx\/index.php?rest_route=\/wp\/v2\/posts\/27858\/revisions"}],"wp:featuredmedia":[{"embeddable":true,"href":"http:\/\/elobservatorio.com.mx\/index.php?rest_route=\/wp\/v2\/media\/27859"}],"wp:attachment":[{"href":"http:\/\/elobservatorio.com.mx\/index.php?rest_route=%2Fwp%2Fv2%2Fmedia&parent=27858"}],"wp:term":[{"taxonomy":"category","embeddable":true,"href":"http:\/\/elobservatorio.com.mx\/index.php?rest_route=%2Fwp%2Fv2%2Fcategories&post=27858"},{"taxonomy":"post_tag","embeddable":true,"href":"http:\/\/elobservatorio.com.mx\/index.php?rest_route=%2Fwp%2Fv2%2Ftags&post=27858"}],"curies":[{"name":"wp","href":"https:\/\/api.w.org\/{rel}","templated":true}]}}