{"id":27887,"date":"2023-08-07T12:03:02","date_gmt":"2023-08-07T18:03:02","guid":{"rendered":"http:\/\/elobservatorio.com.mx\/?p=27887"},"modified":"2023-08-07T12:05:19","modified_gmt":"2023-08-07T18:05:19","slug":"jorge-luis-preciado-renuncia-al-pan-por-irregularidades-en-proceso-interno-del-fam","status":"publish","type":"post","link":"http:\/\/elobservatorio.com.mx\/?p=27887","title":{"rendered":"Jorge Luis Preciado renuncia al PAN por \u00abirregularidades\u00bb en proceso interno del FAM"},"content":{"rendered":"<p><em>*Adelant\u00f3 que buscar\u00e1 impugar el proceso de firmas<\/em><\/p>\n<p>El aspirante a la candidatura presidencial por el Frente Amplio por M\u00e9xico, Jorge Luis Preciado, present\u00f3 su renuncia al Acci\u00f3n Nacional, luego de denunciar presuntas irregularidades dentro del proceso interno de la oposici\u00f3n.<\/p>\n<p>En conferencia de prensa asegur\u00f3 que el proceso del Frente se ha convertido en una \u201ccompleta farsa\u201d, por lo que decidi\u00f3 dejar la militancia del PAN.<\/p>\n<p>\u201cEl acuerdo es que entren tres del PAN, dos del PRI y uno del PRD, que son X\u00f3chitl, Creel, Cabeza de Vaca, Beatriz Paredes, De la Madrid y Silvano Aureoles. Despu\u00e9s en las encuestas el acuerdo es que s\u00f3lo pasen Beatriz Paredes, Creel y X\u00f3chitl G\u00e1lvez\u201d, sostuvo.<\/p>\n<p>El ahora expanista tambi\u00e9n afirm\u00f3 que el supuesto pacto del Frente Amplio es que la candidata presidencial sea la senadora del PAN, X\u00f3chitl G\u00e1lvez.<\/p>\n<p>El aspirante a la candidatura presidencial por el Frente Amplio por M\u00e9xico, Jorge Luis Preciado, present\u00f3 su renuncia al Acci\u00f3n Nacional, luego de denunciar presuntas irregularidades dentro del proceso interno de la oposici\u00f3n.<\/p>\n<p>En conferencia de prensa asegur\u00f3 que el proceso del Frente se ha convertido en una \u201ccompleta farsa\u201d, por lo que decidi\u00f3 dejar la militancia del PAN.<\/p>\n<blockquote><p>\u201cEl acuerdo es que entren tres del PAN, dos del PRI y uno del PRD, que son X\u00f3chitl, Creel, Cabeza de Vaca, Beatriz Paredes, De la Madrid y Silvano Aureoles. Despu\u00e9s en las encuestas el acuerdo es que s\u00f3lo pasen Beatriz Paredes, Creel y X\u00f3chitl G\u00e1lvez\u201d, sostuvo.<\/p><\/blockquote>\n<p style=\"text-align: left;\">El ahora expanista tambi\u00e9n afirm\u00f3 que el supuesto pacto del Frente Amplio es que la candidata presidencial sea la senadora del PAN, X\u00f3chitl G\u00e1lvez<\/p>\n<p>Por tanto, adelant\u00f3 que se presentar\u00e1 en la Sala Superior del Poder Judicial de la Federaci\u00f3n para presentar un juicio por impugnar el proceso por falta de certeza jur\u00eddica del Comit\u00e9 Organizados y de los partidos.<\/p>\n<p>\u201c<em>Yo no puedo ser parte de esta farsa y por eso impugnar\u00e9 este proceso y por eso me retiro del PAN. Yo sub\u00eda los registros y se me pon\u00edan en ceros, tengo una discusi\u00f3n grabada con el CEO de la empresa y neg\u00f3 todo, me bajaban mis registros<\/em>\u201d, a\u00f1adi\u00f3.<\/p>\n<p>Finalmente, consider\u00f3 que Marko Cortes deber\u00eda presentar su renuncia como dirigente nacional del PAN por querer imponer a X\u00f3chitl G\u00e1lvez como abanderada presidencial.<\/p>\n","protected":false},"excerpt":{"rendered":"<p>*Adelant\u00f3 que buscar\u00e1 impugar el proceso de firmas El aspirante a la candidatura presidencial por el Frente Amplio por M\u00e9xico, Jorge Luis Preciado, present\u00f3 su renuncia al Acci\u00f3n Nacional, luego de denunciar presuntas irregularidades dentro del proceso interno de la oposici\u00f3n. En conferencia de prensa asegur\u00f3 que el proceso del Frente se ha convertido en&#8230;<\/p>\n","protected":false},"author":2,"featured_media":27888,"comment_status":"open","ping_status":"open","sticky":false,"template":"","format":"standard","meta":{"footnotes":""},"categories":[10],"tags":[29,30,28],"class_list":["post-27887","post","type-post","status-publish","format-standard","has-post-thumbnail","hentry","category-politica","tag-grid","tag-news","tag-slider"],"_links":{"self":[{"href":"http:\/\/elobservatorio.com.mx\/index.php?rest_route=\/wp\/v2\/posts\/27887"}],"collection":[{"href":"http:\/\/elobservatorio.com.mx\/index.php?rest_route=\/wp\/v2\/posts"}],"about":[{"href":"http:\/\/elobservatorio.com.mx\/index.php?rest_route=\/wp\/v2\/types\/post"}],"author":[{"embeddable":true,"href":"http:\/\/elobservatorio.com.mx\/index.php?rest_route=\/wp\/v2\/users\/2"}],"replies":[{"embeddable":true,"href":"http:\/\/elobservatorio.com.mx\/index.php?rest_route=%2Fwp%2Fv2%2Fcomments&post=27887"}],"version-history":[{"count":0,"href":"http:\/\/elobservatorio.com.mx\/index.php?rest_route=\/wp\/v2\/posts\/27887\/revisions"}],"wp:featuredmedia":[{"embeddable":true,"href":"http:\/\/elobservatorio.com.mx\/index.php?rest_route=\/wp\/v2\/media\/27888"}],"wp:attachment":[{"href":"http:\/\/elobservatorio.com.mx\/index.php?rest_route=%2Fwp%2Fv2%2Fmedia&parent=27887"}],"wp:term":[{"taxonomy":"category","embeddable":true,"href":"http:\/\/elobservatorio.com.mx\/index.php?rest_route=%2Fwp%2Fv2%2Fcategories&post=27887"},{"taxonomy":"post_tag","embeddable":true,"href":"http:\/\/elobservatorio.com.mx\/index.php?rest_route=%2Fwp%2Fv2%2Ftags&post=27887"}],"curies":[{"name":"wp","href":"https:\/\/api.w.org\/{rel}","templated":true}]}}