{"id":27912,"date":"2023-08-09T21:09:41","date_gmt":"2023-08-10T03:09:41","guid":{"rendered":"http:\/\/elobservatorio.com.mx\/?p=27912"},"modified":"2023-08-09T21:09:41","modified_gmt":"2023-08-10T03:09:41","slug":"con-emprendiendo-mi-autoempleo-sacaremos-a-manzanillo-y-al-pais-adelante-griselda-martinez","status":"publish","type":"post","link":"http:\/\/elobservatorio.com.mx\/?p=27912","title":{"rendered":"Con \u201cEmprendiendo mi Autoempleo\u201d sacaremos a Manzanillo y al pa\u00eds adelante: Griselda Mart\u00ednez"},"content":{"rendered":"<p>Al participar en la entrega de vales del Programa Emprendiendo mi Autoempleo, la presidenta de Manzanillo, Griselda Mart\u00ednez asegur\u00f3 que el esfuerzo, la dedicaci\u00f3n y la constancia sobre las actividades econ\u00f3micas que se desarrollan a trav\u00e9s de este programa municipal, se contribuye a sacar a Manzanillo y al pa\u00eds adelante.<\/p>\n<p>Desde el Auditorio del Centro Cultural Salagua, agradeci\u00f3 a las y a los 926 beneficiarios por su confianza en la administraci\u00f3n municipal que encabeza, por acercarse a pedir apoyo, \u201cyo no conozco a nadie de ustedes, no s\u00e9 d\u00f3nde viven, no s\u00e9 por qui\u00e9n votan, no s\u00e9 de qu\u00e9 religi\u00f3n son, ustedes han sido seleccionado a trav\u00e9s de una serie de filtros para que puedan tener una actividad econ\u00f3mica\u201d.<\/p>\n<p>Resalt\u00f3, que la inversi\u00f3n de 12 millones de pesos que se hace en esta cuarta edici\u00f3n, es dinero propio, resultado del pago de los impuestos de las personas, \u201caqu\u00ed no hay dinero de otra parte m\u00e1s que de los propios manzanillenses\u201d.<\/p>\n<p>Griselda Mart\u00ednez, record\u00f3 que, con la pandemia, Manzanillo no baj\u00f3 a guardia, sigui\u00f3 trabajando y tambi\u00e9n se implement\u00f3 el programa de Emprendiendo mi Autoempleo, \u201cs\u00f3lo as\u00ed pudimos no colapsar como lo hicieron otros municipios que cerraron todo, aqu\u00ed, lo que hicimos fue ponernos a trabajar\u201d.<\/p>\n<p>Mencion\u00f3 que, en M\u00e9xico, como pa\u00eds, tiene un rezago de al menos 30 a\u00f1os, debido a los gobiernos que no permitieron que la gente avanzara, \u201cno somos flojos, los mexicanos somos de los m\u00e1s chambeadores del mundo, lamentablemente, el sistema y la condici\u00f3n que ten\u00edan los gobernantes no nos permit\u00eda salir adelante nos pusieron situaciones muy adversas, nos complicaron todo\u201d.<\/p>\n<p>La alcaldesa fue clara e invit\u00f3 a todas y todos los beneficiarios a esforzarse, a tener compromiso y persistencia, \u201cnadie va a ver resultados antes de un a\u00f1o, as\u00ed es que h\u00e1ganlo, este programa no es para todos, aplica en ciertas colonias y sectores y comunidades. Los apoyamos con mucho gusto, esperamos que nos ayuden a sacar adelante a Manzanillo, la riqueza la generamos nosotros con nuestro trabajo todos los d\u00edas, si sacamos adelante a nuestra familia, sacamos adelante al pa\u00eds\u201d.<\/p>\n<p>Finalmente, indic\u00f3 que a todas las personas apoyadas se les dar\u00e1 seguimiento por un a\u00f1o para verificar que las herramientas y equipos entregados sean bien utilizados, de no ser as\u00ed, les ser\u00e1 retirado el apoyo y entregado a las personas que sigan en la lista de espera.<\/p>\n","protected":false},"excerpt":{"rendered":"<p>Al participar en la entrega de vales del Programa Emprendiendo mi Autoempleo, la presidenta de Manzanillo, Griselda Mart\u00ednez asegur\u00f3 que el esfuerzo, la dedicaci\u00f3n y la constancia sobre las actividades econ\u00f3micas que se desarrollan a trav\u00e9s de este programa municipal, se contribuye a sacar a Manzanillo y al pa\u00eds adelante. Desde el Auditorio del Centro&#8230;<\/p>\n","protected":false},"author":2,"featured_media":27913,"comment_status":"open","ping_status":"open","sticky":false,"template":"","format":"standard","meta":{"footnotes":""},"categories":[35,8],"tags":[29,30,28],"class_list":["post-27912","post","type-post","status-publish","format-standard","has-post-thumbnail","hentry","category-manzanillo","category-municipios","tag-grid","tag-news","tag-slider"],"_links":{"self":[{"href":"http:\/\/elobservatorio.com.mx\/index.php?rest_route=\/wp\/v2\/posts\/27912"}],"collection":[{"href":"http:\/\/elobservatorio.com.mx\/index.php?rest_route=\/wp\/v2\/posts"}],"about":[{"href":"http:\/\/elobservatorio.com.mx\/index.php?rest_route=\/wp\/v2\/types\/post"}],"author":[{"embeddable":true,"href":"http:\/\/elobservatorio.com.mx\/index.php?rest_route=\/wp\/v2\/users\/2"}],"replies":[{"embeddable":true,"href":"http:\/\/elobservatorio.com.mx\/index.php?rest_route=%2Fwp%2Fv2%2Fcomments&post=27912"}],"version-history":[{"count":0,"href":"http:\/\/elobservatorio.com.mx\/index.php?rest_route=\/wp\/v2\/posts\/27912\/revisions"}],"wp:featuredmedia":[{"embeddable":true,"href":"http:\/\/elobservatorio.com.mx\/index.php?rest_route=\/wp\/v2\/media\/27913"}],"wp:attachment":[{"href":"http:\/\/elobservatorio.com.mx\/index.php?rest_route=%2Fwp%2Fv2%2Fmedia&parent=27912"}],"wp:term":[{"taxonomy":"category","embeddable":true,"href":"http:\/\/elobservatorio.com.mx\/index.php?rest_route=%2Fwp%2Fv2%2Fcategories&post=27912"},{"taxonomy":"post_tag","embeddable":true,"href":"http:\/\/elobservatorio.com.mx\/index.php?rest_route=%2Fwp%2Fv2%2Ftags&post=27912"}],"curies":[{"name":"wp","href":"https:\/\/api.w.org\/{rel}","templated":true}]}}