{"id":27927,"date":"2023-08-09T23:10:26","date_gmt":"2023-08-10T05:10:26","guid":{"rendered":"http:\/\/elobservatorio.com.mx\/?p=27927"},"modified":"2023-08-09T23:10:26","modified_gmt":"2023-08-10T05:10:26","slug":"trabajo-conjunto-de-sociedad-y-gobierno-permitira-una-mejor-ciudad-tey-gutierrez","status":"publish","type":"post","link":"http:\/\/elobservatorio.com.mx\/?p=27927","title":{"rendered":"Trabajo conjunto de sociedad y gobierno permitir\u00e1 una mejor ciudad: Tey Guti\u00e9rrez"},"content":{"rendered":"<p><em>*Estructura ciudadana que mediante App reportar\u00e1 al Ayuntamiento de Villa de \u00c1lvarez acciones requeridas en espacios p\u00fablicos<\/em><\/p>\n<p>Villa de \u00c1lvarez, Col.- La Presidenta Municipal Tey Guti\u00e9rrez Andrade les tom\u00f3 protesta a quienes fungen como \u201cAgentes de Cambio\u201d en Villa de \u00c1lvarez, quien explic\u00f3 que esa estructura ciudadana ayudar\u00e1 a fortalecer el trabajo conjunto entre sociedad y gobierno para tener una mejor ciudad.<\/p>\n<p>La Alcaldesa Tey Guti\u00e9rrez explic\u00f3 que el \u201cAgente de Cambio\u201d puede ser el presidente o presidenta del Comit\u00e9 de Barrio, el agente Constructor de Paz, los promotores deportivos o culturales, inspectores comunitarios o cualquier ciudadano interesado en estar pendiente de las necesidades en los jardines, \u00e1reas verdes, canchas y espacios p\u00fablicos de cada uno de los barrios y colonias, y reportar al Ayuntamiento para que sea resuelta en caso de que se presente alguna situaci\u00f3n.<\/p>\n<p>\u201cEsta estructura ciudadana tiene como funci\u00f3n reportar que todos los jardines siempre est\u00e9n iluminados, limpios y tengan presencia policial, esto a trav\u00e9s de una aplicaci\u00f3n telef\u00f3nica que al momento los ponga en contacto con el personal del Ayuntamiento y as\u00ed el gobierno municipal haga un despliegue de los servicios para que esta situaci\u00f3n se arregle lo m\u00e1s pronto posible\u201d, explic\u00f3.<\/p>\n<p>Destac\u00f3 que se siente fortalecida por el apoyo que est\u00e1 dando la ciudadan\u00eda a la administraci\u00f3n municipal que ella encabeza y agradeci\u00f3 que se sumen a hacer equipo con el gobierno, pero sobre todo, con la sociedad villalvarense.<\/p>\n<p>\u201cLa principal coincidencia es generar mejores condiciones para quienes viven en el barrio, colonia o comunidad, para ello estamos generando un plan de trabajo en donde se puedan coordinar con nosotros para atender las demandas y peticiones que m\u00e1s realiza la poblaci\u00f3n\u201d, agreg\u00f3.<\/p>\n<p>Por su parte, Alfredo Ch\u00e1vez, Secretario del Ayuntamiento, coment\u00f3 que a trav\u00e9s de esa red de participaci\u00f3n ciudadana, bajo el concepto de Agentes de Cambio, tambi\u00e9n se est\u00e1 trabajando para mejorar en materia de seguridad.<\/p>\n<p>Finalmente, Armando Ruelas Cort\u00e9s, en representaci\u00f3n de los Agentes de Cambio, manifest\u00f3 que es un orgullo poder sumar esfuerzos para mejorar el municipio, e invit\u00f3 a la ciudadan\u00eda a sumarse a este proyecto y as\u00ed entre todos hacer de Villa de \u00c1lvarez un mejor municipio para vivir.<\/p>\n","protected":false},"excerpt":{"rendered":"<p>*Estructura ciudadana que mediante App reportar\u00e1 al Ayuntamiento de Villa de \u00c1lvarez acciones requeridas en espacios p\u00fablicos Villa de \u00c1lvarez, Col.- La Presidenta Municipal Tey Guti\u00e9rrez Andrade les tom\u00f3 protesta a quienes fungen como \u201cAgentes de Cambio\u201d en Villa de \u00c1lvarez, quien explic\u00f3 que esa estructura ciudadana ayudar\u00e1 a fortalecer el trabajo conjunto entre sociedad&#8230;<\/p>\n","protected":false},"author":2,"featured_media":27928,"comment_status":"open","ping_status":"open","sticky":false,"template":"","format":"standard","meta":{"footnotes":""},"categories":[8,42],"tags":[29,30,28],"class_list":["post-27927","post","type-post","status-publish","format-standard","has-post-thumbnail","hentry","category-municipios","category-villa-de-alvarez","tag-grid","tag-news","tag-slider"],"_links":{"self":[{"href":"http:\/\/elobservatorio.com.mx\/index.php?rest_route=\/wp\/v2\/posts\/27927"}],"collection":[{"href":"http:\/\/elobservatorio.com.mx\/index.php?rest_route=\/wp\/v2\/posts"}],"about":[{"href":"http:\/\/elobservatorio.com.mx\/index.php?rest_route=\/wp\/v2\/types\/post"}],"author":[{"embeddable":true,"href":"http:\/\/elobservatorio.com.mx\/index.php?rest_route=\/wp\/v2\/users\/2"}],"replies":[{"embeddable":true,"href":"http:\/\/elobservatorio.com.mx\/index.php?rest_route=%2Fwp%2Fv2%2Fcomments&post=27927"}],"version-history":[{"count":0,"href":"http:\/\/elobservatorio.com.mx\/index.php?rest_route=\/wp\/v2\/posts\/27927\/revisions"}],"wp:featuredmedia":[{"embeddable":true,"href":"http:\/\/elobservatorio.com.mx\/index.php?rest_route=\/wp\/v2\/media\/27928"}],"wp:attachment":[{"href":"http:\/\/elobservatorio.com.mx\/index.php?rest_route=%2Fwp%2Fv2%2Fmedia&parent=27927"}],"wp:term":[{"taxonomy":"category","embeddable":true,"href":"http:\/\/elobservatorio.com.mx\/index.php?rest_route=%2Fwp%2Fv2%2Fcategories&post=27927"},{"taxonomy":"post_tag","embeddable":true,"href":"http:\/\/elobservatorio.com.mx\/index.php?rest_route=%2Fwp%2Fv2%2Ftags&post=27927"}],"curies":[{"name":"wp","href":"https:\/\/api.w.org\/{rel}","templated":true}]}}