{"id":27930,"date":"2023-08-09T23:33:38","date_gmt":"2023-08-10T05:33:38","guid":{"rendered":"http:\/\/elobservatorio.com.mx\/?p=27930"},"modified":"2023-08-09T23:33:38","modified_gmt":"2023-08-10T05:33:38","slug":"en-quito-asesinan-a-fernando-villavicencio-candidato-presidencial-en-ecuador","status":"publish","type":"post","link":"http:\/\/elobservatorio.com.mx\/?p=27930","title":{"rendered":"En Quito, asesinan a Fernando Villavicencio, candidato presidencial en Ecuador"},"content":{"rendered":"<p><strong>Quito, Ecuador.\u00a0<\/strong>El candidato presidencial ecuatoriano Fernando Villavicencio fue asesinado a tiros tras celebra un mitin el mi\u00e9rcoles en Quito, informaron varios medios nacionales.<\/p>\n<p>A trav\u00e9s de redes sociales se difundieron videos donde se escuchan m\u00faltiples detonaciones de armas de fuego, mismas que alcanzaron al candidato provoc\u00e1ndole la muerte.<\/p>\n<p>Al respecto, el presidente de Ecuador, Guillermo Lasso, se dijo consternado e indignado por el asesinato de Villavicencio, adem\u00e1s de asegurar que el crimen no quedar\u00e1 impune.<\/p>\n<p>\u201c<em>El Gabinete de Seguridad se reunir\u00e1 en pocos minutos en Carondelet. He pedido a la presidenta del CNE, Diana Atamaint; a la Fiscal General del Estado, Diana Salazar; al Presidente de la Corte Nacional de Justicia, Iv\u00e1n Saquicela; y a las dem\u00e1s autoridades, de Estado que asistan de manera urgente a esta reuni\u00f3n para tratar este hecho que ha consternado al pa\u00eds<\/em>\u201d, a\u00f1adi\u00f3<\/p>\n<p>Villavicencio, de 59 a\u00f1os y cuya muerte fue confirmada medios locales por el ministro del Interior, Juan Zapata, amigos y familiares de la v\u00edctima, era uno de los ocho candidatos de la primera vuelta de las presidenciales que se celebran anticipadamente el 20 de agosto en Ecuador, pa\u00eds que sufre un aumento de la violencia vinculada al narcotr\u00e1fico.<\/p>\n<p>El periodista y exmiembro de la Asamblea Nacional disuelta en mayo por Lasso aparec\u00eda segundo en la intenci\u00f3n de voto con 13,2%, detr\u00e1s de la abogada Luisa Gonz\u00e1lez (26,6%), \u00fanica mujer en liza y af\u00edn al exmandatario socialista Rafael Correa (2007-2017), seg\u00fan la m\u00e1s reciente encuesta de Cedatos.<\/p>\n<p>El diario El Universo, el principal del pa\u00eds, se\u00f1al\u00f3 que Villavicencio fue asesinado \u201cal estilo sicariato y con tres tiros en la cabeza\u201d.<\/p>\n","protected":false},"excerpt":{"rendered":"<p>Quito, Ecuador.\u00a0El candidato presidencial ecuatoriano Fernando Villavicencio fue asesinado a tiros tras celebra un mitin el mi\u00e9rcoles en Quito, informaron varios medios nacionales. A trav\u00e9s de redes sociales se difundieron videos donde se escuchan m\u00faltiples detonaciones de armas de fuego, mismas que alcanzaron al candidato provoc\u00e1ndole la muerte. Al respecto, el presidente de Ecuador, Guillermo&#8230;<\/p>\n","protected":false},"author":2,"featured_media":27931,"comment_status":"open","ping_status":"open","sticky":false,"template":"","format":"standard","meta":{"footnotes":""},"categories":[13],"tags":[29,30,28],"class_list":["post-27930","post","type-post","status-publish","format-standard","has-post-thumbnail","hentry","category-nacion-y-mundo","tag-grid","tag-news","tag-slider"],"_links":{"self":[{"href":"http:\/\/elobservatorio.com.mx\/index.php?rest_route=\/wp\/v2\/posts\/27930"}],"collection":[{"href":"http:\/\/elobservatorio.com.mx\/index.php?rest_route=\/wp\/v2\/posts"}],"about":[{"href":"http:\/\/elobservatorio.com.mx\/index.php?rest_route=\/wp\/v2\/types\/post"}],"author":[{"embeddable":true,"href":"http:\/\/elobservatorio.com.mx\/index.php?rest_route=\/wp\/v2\/users\/2"}],"replies":[{"embeddable":true,"href":"http:\/\/elobservatorio.com.mx\/index.php?rest_route=%2Fwp%2Fv2%2Fcomments&post=27930"}],"version-history":[{"count":0,"href":"http:\/\/elobservatorio.com.mx\/index.php?rest_route=\/wp\/v2\/posts\/27930\/revisions"}],"wp:featuredmedia":[{"embeddable":true,"href":"http:\/\/elobservatorio.com.mx\/index.php?rest_route=\/wp\/v2\/media\/27931"}],"wp:attachment":[{"href":"http:\/\/elobservatorio.com.mx\/index.php?rest_route=%2Fwp%2Fv2%2Fmedia&parent=27930"}],"wp:term":[{"taxonomy":"category","embeddable":true,"href":"http:\/\/elobservatorio.com.mx\/index.php?rest_route=%2Fwp%2Fv2%2Fcategories&post=27930"},{"taxonomy":"post_tag","embeddable":true,"href":"http:\/\/elobservatorio.com.mx\/index.php?rest_route=%2Fwp%2Fv2%2Ftags&post=27930"}],"curies":[{"name":"wp","href":"https:\/\/api.w.org\/{rel}","templated":true}]}}