{"id":27933,"date":"2023-08-10T19:57:59","date_gmt":"2023-08-11T01:57:59","guid":{"rendered":"http:\/\/elobservatorio.com.mx\/?p=27933"},"modified":"2023-08-10T19:57:59","modified_gmt":"2023-08-11T01:57:59","slug":"jlp-arremete-contra-frente-amplio-y-sin-querer-da-triunfo-a-amlo","status":"publish","type":"post","link":"http:\/\/elobservatorio.com.mx\/?p=27933","title":{"rendered":"JLP arremete contra Frente Amplio y, sin querer, da triunfo a AMLO"},"content":{"rendered":"<p class=\"x_MsoNormal\"><b><span class=\"x_ContentPasted0\">PARACA\u00cdDAS<\/span><\/b><\/p>\n<p class=\"x_MsoNormal\"><em>\u00a0<span class=\"x_ContentPasted0\">Rogelio Guedea<\/span><\/em><\/p>\n<p class=\"x_MsoNormal\"><b>\u00a0<\/b><span class=\"x_ContentPasted0\">Las aspiraciones presidenciales de Jorge Luis Preciado Rodr\u00edguez se vinieron abajo en el momento en que fue desvelada, por parte del mismo ex candidato a la gubernatura de Colima, la farsa que ha constituido el proceso de selecci\u00f3n del candidato presidencial del Frente Amplio por M\u00e9xico, conformado por los partidos PRI, PAN y PRD. Preciado Rodr\u00edguez hizo fuertes declaraciones en contra de este proceso y, luego de denunciar que no fueron inscritas en la plataforma correspondiente las 150mil firmas que hab\u00eda conseguido para su registro, se\u00f1al\u00f3 que todo el proceso era una completa simulaci\u00f3n que al final erigir\u00eda como candidata a X\u00f3chilt G\u00e1lvez. En virtud de lo anterior, y como no quiso prestarse a esta farsa, adem\u00e1s de hacer su denuncia tambi\u00e9n decidi\u00f3 renunciar a casi treinta a\u00f1os de militancia panista. <\/span><\/p>\n<p class=\"x_MsoNormal\"><span class=\"x_ContentPasted0\">Preciado Rodr\u00edguez se le dej\u00f3 ir a la yugular a los l\u00edderes nacionales del PAN y PRI, Marko Cort\u00e9s y Alito Moreno, respectivamente, tach\u00e1ndolos de ser los promotores y comparsas de este fraude, al que al parecer ahora se est\u00e1n prestando Beatriz Paredes, Enrique de la Madrid y Santiago Creel. No import\u00e1ndole que estas denuncias le hicieran en m\u00e1s de un sentido el caldo gordo al presidente L\u00f3pez Obrador, quien desde un principio hab\u00eda se\u00f1alado a X\u00f3chilt G\u00e1lvez como la favorita de la c\u00fapula olig\u00e1rquica que permea esta alianza, Preciado Rodr\u00edguez no ha cejado en su empe\u00f1o de (literalmente) bombardear al Frente Amplio, y con no poca raz\u00f3n, pues con ello ha puesto en evidencia que los partidos tradicionales no han cambiado ni un \u00e1pice sus malas ma\u00f1as electorales y democr\u00e1ticas. No conforme con lo anterior, Preciado Rodr\u00edguez ha acudido a las instancias legales para pedir que se anule este ama\u00f1ado proceso y, de ser preciso, se reinicie de nuevo. <\/span><\/p>\n<p class=\"x_MsoNormal\"><span class=\"x_ContentPasted0\">Si bien es cierto que con la experiencia que tiene Jorge Luis de las pr\u00e1cticas pol\u00edticas mexicanas no iba a ser dif\u00edcil adivinar que este tipo de situaciones podr\u00edan surgir sin ning\u00fan problema en este tipo de concili\u00e1bulos, sobre todo trat\u00e1ndose de la presidencia de la Rep\u00fablica, tambi\u00e9n es cierto que era dif\u00edcil creer que dadas las circunstancias del pa\u00eds y la situaci\u00f3n de estos partidos a nivel nacional (partidos pol\u00edticos ca\u00eddos en desgracia), lo \u00faltimo que se pod\u00eda esperar de ellos era que salieran de nuevo con su batea de babas, como lo hicieron.\u00a0<\/span><\/p>\n<p class=\"x_MsoNormal\"><span class=\"x_ContentPasted0\">\u00a0No es que Jorge Luis sea un ingenuo, pues, es simplemente que en la vida uno no deja nunca de aprender. Al final del d\u00eda, con todo este desaguisado, el que realmente ha hecho un jaque mate ha sido el presidente L\u00f3pez Obrador, quien al final del d\u00eda puso desde un principio los reflectores sobre la aspirante X\u00f3chilt G\u00e1lvez, los partidos del Frente Amplio se encandilaron con ellos y, finalmente, ser\u00e1 el propio L\u00f3pez Obrador quien se los quite, dejando a todos otra vez en la m\u00e1s absoluta y cruda oscuridad.<\/span><\/p>\n","protected":false},"excerpt":{"rendered":"<p>PARACA\u00cdDAS \u00a0Rogelio Guedea \u00a0Las aspiraciones presidenciales de Jorge Luis Preciado Rodr\u00edguez se vinieron abajo en el momento en que fue desvelada, por parte del mismo ex candidato a la gubernatura de Colima, la farsa que ha constituido el proceso de selecci\u00f3n del candidato presidencial del Frente Amplio por M\u00e9xico, conformado por los partidos PRI, PAN&#8230;<\/p>\n","protected":false},"author":2,"featured_media":25398,"comment_status":"open","ping_status":"open","sticky":false,"template":"","format":"standard","meta":{"footnotes":""},"categories":[11],"tags":[29,30,28],"class_list":["post-27933","post","type-post","status-publish","format-standard","has-post-thumbnail","hentry","category-opinion","tag-grid","tag-news","tag-slider"],"_links":{"self":[{"href":"http:\/\/elobservatorio.com.mx\/index.php?rest_route=\/wp\/v2\/posts\/27933"}],"collection":[{"href":"http:\/\/elobservatorio.com.mx\/index.php?rest_route=\/wp\/v2\/posts"}],"about":[{"href":"http:\/\/elobservatorio.com.mx\/index.php?rest_route=\/wp\/v2\/types\/post"}],"author":[{"embeddable":true,"href":"http:\/\/elobservatorio.com.mx\/index.php?rest_route=\/wp\/v2\/users\/2"}],"replies":[{"embeddable":true,"href":"http:\/\/elobservatorio.com.mx\/index.php?rest_route=%2Fwp%2Fv2%2Fcomments&post=27933"}],"version-history":[{"count":0,"href":"http:\/\/elobservatorio.com.mx\/index.php?rest_route=\/wp\/v2\/posts\/27933\/revisions"}],"wp:featuredmedia":[{"embeddable":true,"href":"http:\/\/elobservatorio.com.mx\/index.php?rest_route=\/wp\/v2\/media\/25398"}],"wp:attachment":[{"href":"http:\/\/elobservatorio.com.mx\/index.php?rest_route=%2Fwp%2Fv2%2Fmedia&parent=27933"}],"wp:term":[{"taxonomy":"category","embeddable":true,"href":"http:\/\/elobservatorio.com.mx\/index.php?rest_route=%2Fwp%2Fv2%2Fcategories&post=27933"},{"taxonomy":"post_tag","embeddable":true,"href":"http:\/\/elobservatorio.com.mx\/index.php?rest_route=%2Fwp%2Fv2%2Ftags&post=27933"}],"curies":[{"name":"wp","href":"https:\/\/api.w.org\/{rel}","templated":true}]}}