{"id":27935,"date":"2023-08-11T17:49:36","date_gmt":"2023-08-11T23:49:36","guid":{"rendered":"http:\/\/elobservatorio.com.mx\/?p=27935"},"modified":"2023-08-11T17:49:36","modified_gmt":"2023-08-11T23:49:36","slug":"estudiaran-en-la-udec-jovenes-de-europa-asia-y-america-latina","status":"publish","type":"post","link":"http:\/\/elobservatorio.com.mx\/?p=27935","title":{"rendered":"Estudiar\u00e1n en la UdeC j\u00f3venes de Europa, Asia y Am\u00e9rica Latina"},"content":{"rendered":"<p><em>*Cursar\u00e1n un semestre 28 j\u00f3venes <\/em><em>originarios de Alemania, Brasil, Chile, Colombia, Espa\u00f1a, Francia, Jap\u00f3n y M\u00e9xico.<\/em><\/p>\n<p>Al dar la bienvenida a los 28 estudiantes visitantes para este semestre, Christian Torres Ortiz Zerme\u00f1o, rector de la Universidad de Colima, coment\u00f3 que la instituci\u00f3n est\u00e1 a punto de cumplir 83 a\u00f1os y que tiene mucha experiencia en el tema de la internacionalizaci\u00f3n. Las y los estudiantes que cursar\u00e1n un semestre en la universidad son originarios de Alemania, Brasil, Chile, Colombia, Espa\u00f1a, Francia, Jap\u00f3n y M\u00e9xico.<\/p>\n<p>En su intervenci\u00f3n, Christian Torres Ortiz pidi\u00f3 a los estudiantes que tengan mucha confianza en la Universidad, en sus funcionarios, funcionarias, maestras, maestros, y todo el personal, \u201cpara acompa\u00f1arlos en este proceso de adaptaci\u00f3n que no es f\u00e1cil, particularmente para quienes vienen de otro pa\u00eds; si\u00e9ntase apoyados para cualquier situaci\u00f3n que tengan. Cualquier duda, pregunta o preocupaci\u00f3n, la puedan resolver\u201d.<\/p>\n<p>Se\u00f1al\u00f3 que M\u00e9xico es un pa\u00eds grande con una diversidad cultural enorme y una oferta gastron\u00f3mica muy atractiva; \u201cest\u00e1n en un estado que, aunque sea uno de los m\u00e1s peque\u00f1os del pa\u00eds, tiene monta\u00f1a, playa, tienen muchas opciones que adem\u00e1s de la parte acad\u00e9mica ustedes van a poder conocer\u201d.<\/p>\n<p>A pesar del tema de la inseguridad, presente sobre todo en medios extranjeros, dijo a las y los j\u00f3vene visitantes que pueden desenvolverse con mucha tranquilidad en Colima; \u201csi van a otro lugar dentro o fuera de Colima, pregunten para que los orienten sobre cu\u00e1l es la mejor forma para moverse a esos destinos. En la vida del d\u00eda a d\u00eda no van a tener ninguna dificultad\u201d.<\/p>\n<p>Les dijo que espera que su estancia sea lo que esperaban y les inform\u00f3 que la UdeC realiza una evaluaci\u00f3n cuando se marchan \u201cpara saber si cumplimos con la expectativa o en su caso ver en qu\u00e9 tenemos que mejorar\u201d.<\/p>\n<p>\u201cLa experiencia de a\u00f1os anteriores no ha permitido, en t\u00e9rminos generales, poderles ofrecer una experiencia de un buen nivel en lo acad\u00e9mico, pero tambi\u00e9n una experiencia de vida. Vivir unas semanas o meses en otro pa\u00eds o incluso en otro estado es una experiencia que quedar\u00e1 en su vida y que podr\u00e1 determinar o influir en ciertos futuros de su vida personal y profesional\u201d, coment\u00f3 por \u00faltimo.<\/p>\n<p>Ana Cecilia Garc\u00eda Valencia, directora general de Relaciones Internacionales y Cooperaci\u00f3n Acad\u00e9mica de la instituci\u00f3n, explic\u00f3 que tuvieron una sesi\u00f3n informativa con los estudiantes visitantes, con el objetivo de reflexionar sobre los objetivos del programa de movilidad, prever situaciones acad\u00e9micas y personales que las y los j\u00f3venes podr\u00edan enfrentar, dar a conocer los tr\u00e1mites administrativos que los visitantes deben cumplir antes y durante su estancia en la Universidad de Colima, y generar un sentimiento de pertenencia con esta casa de estudios.<\/p>\n<p>Al final, los estudiantes concluyeron su jornada de inducci\u00f3n con una actividad cultural donde pudieron bailar y disfrutar comida t\u00edpica mexicana elaborada por estudiantes de la Universidad de Colima.<\/p>\n<p>&nbsp;<\/p>\n","protected":false},"excerpt":{"rendered":"<p>*Cursar\u00e1n un semestre 28 j\u00f3venes originarios de Alemania, Brasil, Chile, Colombia, Espa\u00f1a, Francia, Jap\u00f3n y M\u00e9xico. Al dar la bienvenida a los 28 estudiantes visitantes para este semestre, Christian Torres Ortiz Zerme\u00f1o, rector de la Universidad de Colima, coment\u00f3 que la instituci\u00f3n est\u00e1 a punto de cumplir 83 a\u00f1os y que tiene mucha experiencia en&#8230;<\/p>\n","protected":false},"author":2,"featured_media":27936,"comment_status":"open","ping_status":"open","sticky":false,"template":"","format":"standard","meta":{"footnotes":""},"categories":[14],"tags":[29,30,28],"class_list":["post-27935","post","type-post","status-publish","format-standard","has-post-thumbnail","hentry","category-educacion-y-cultura","tag-grid","tag-news","tag-slider"],"_links":{"self":[{"href":"http:\/\/elobservatorio.com.mx\/index.php?rest_route=\/wp\/v2\/posts\/27935"}],"collection":[{"href":"http:\/\/elobservatorio.com.mx\/index.php?rest_route=\/wp\/v2\/posts"}],"about":[{"href":"http:\/\/elobservatorio.com.mx\/index.php?rest_route=\/wp\/v2\/types\/post"}],"author":[{"embeddable":true,"href":"http:\/\/elobservatorio.com.mx\/index.php?rest_route=\/wp\/v2\/users\/2"}],"replies":[{"embeddable":true,"href":"http:\/\/elobservatorio.com.mx\/index.php?rest_route=%2Fwp%2Fv2%2Fcomments&post=27935"}],"version-history":[{"count":0,"href":"http:\/\/elobservatorio.com.mx\/index.php?rest_route=\/wp\/v2\/posts\/27935\/revisions"}],"wp:featuredmedia":[{"embeddable":true,"href":"http:\/\/elobservatorio.com.mx\/index.php?rest_route=\/wp\/v2\/media\/27936"}],"wp:attachment":[{"href":"http:\/\/elobservatorio.com.mx\/index.php?rest_route=%2Fwp%2Fv2%2Fmedia&parent=27935"}],"wp:term":[{"taxonomy":"category","embeddable":true,"href":"http:\/\/elobservatorio.com.mx\/index.php?rest_route=%2Fwp%2Fv2%2Fcategories&post=27935"},{"taxonomy":"post_tag","embeddable":true,"href":"http:\/\/elobservatorio.com.mx\/index.php?rest_route=%2Fwp%2Fv2%2Ftags&post=27935"}],"curies":[{"name":"wp","href":"https:\/\/api.w.org\/{rel}","templated":true}]}}