{"id":27995,"date":"2023-08-15T21:15:23","date_gmt":"2023-08-16T03:15:23","guid":{"rendered":"http:\/\/elobservatorio.com.mx\/?p=27995"},"modified":"2023-08-15T21:15:23","modified_gmt":"2023-08-16T03:15:23","slug":"construyen-banquetas-en-comunidades-de-cuauhtemoc","status":"publish","type":"post","link":"http:\/\/elobservatorio.com.mx\/?p=27995","title":{"rendered":"Construyen banquetas en comunidades de Cuauht\u00e9moc"},"content":{"rendered":"<p class=\"x_gmail-MsoNoSpacing\"><em>*Ser\u00e1n casi dos mil metros cuadrados con una inversi\u00f3n cercana a los dos millones 300 mil pesos.<\/em><\/p>\n<p class=\"x_gmail-MsoNoSpacing\">La presidenta municipal de Cuauht\u00e9moc, Gabriela Mej\u00eda Mart\u00ednez, visit\u00f3 la comunidad de Queser\u00eda para verificar el avance en las obras de rehabilitaci\u00f3n y construcci\u00f3n de banquetas, que buscan mejorar la accesibilidad y brindar a la ciudadan\u00eda zonas peatonales m\u00e1s seguras y c\u00f3modas.<\/p>\n<p class=\"x_gmail-MsoNoSpacing\">Acompa\u00f1ada de vecinos de la Colonia La Ermita, la alcaldesa se dijo contenta de que su administraci\u00f3n realice estas acciones, pues con ello se cumple la meta de llevar obras necesarias y de calidad a toda la poblaci\u00f3n, aun cuando el recurso sea insuficiente para cubrir el 100 por ciento de las necesidades.<\/p>\n<p class=\"x_gmail-MsoNoSpacing\">\u201cSeguiremos dando nuestro mayor esfuerzo para que cada una de las comunidades cuente con al menos una acci\u00f3n necesaria y prioritaria, y como ya lo hemos mencionado, pondremos todo el empe\u00f1o para hacer de Cuauht\u00e9moc el mejor lugar para vivir del Estado de Colima\u201d.<\/p>\n<p class=\"x_gmail-MsoNoSpacing\">Mario Armando Ceja Benuto, director de Obras P\u00fablicas, detall\u00f3 que esta obra tendr\u00e1 una inversi\u00f3n general de dos millones 283 mil pesos que provienen del Fondo de Aportaciones para la Infraestructura Social Municipal (FAISMUN) Banobras 2023.<\/p>\n<p class=\"x_gmail-MsoNoSpacing\">Indic\u00f3 que se tiene una meta de construcci\u00f3n cercana a los dos mil metros cuadrados de banquetas, para las poblaciones de Queser\u00eda, Alcaraces, Trapiche, Ocotillo, San Joaqu\u00edn y la cabecera municipal.<\/p>\n","protected":false},"excerpt":{"rendered":"<p>*Ser\u00e1n casi dos mil metros cuadrados con una inversi\u00f3n cercana a los dos millones 300 mil pesos. La presidenta municipal de Cuauht\u00e9moc, Gabriela Mej\u00eda Mart\u00ednez, visit\u00f3 la comunidad de Queser\u00eda para verificar el avance en las obras de rehabilitaci\u00f3n y construcci\u00f3n de banquetas, que buscan mejorar la accesibilidad y brindar a la ciudadan\u00eda zonas peatonales&#8230;<\/p>\n","protected":false},"author":2,"featured_media":27996,"comment_status":"open","ping_status":"open","sticky":false,"template":"","format":"standard","meta":{"footnotes":""},"categories":[40,8],"tags":[29,30,28],"class_list":["post-27995","post","type-post","status-publish","format-standard","has-post-thumbnail","hentry","category-cuauhtemoc","category-municipios","tag-grid","tag-news","tag-slider"],"_links":{"self":[{"href":"http:\/\/elobservatorio.com.mx\/index.php?rest_route=\/wp\/v2\/posts\/27995"}],"collection":[{"href":"http:\/\/elobservatorio.com.mx\/index.php?rest_route=\/wp\/v2\/posts"}],"about":[{"href":"http:\/\/elobservatorio.com.mx\/index.php?rest_route=\/wp\/v2\/types\/post"}],"author":[{"embeddable":true,"href":"http:\/\/elobservatorio.com.mx\/index.php?rest_route=\/wp\/v2\/users\/2"}],"replies":[{"embeddable":true,"href":"http:\/\/elobservatorio.com.mx\/index.php?rest_route=%2Fwp%2Fv2%2Fcomments&post=27995"}],"version-history":[{"count":0,"href":"http:\/\/elobservatorio.com.mx\/index.php?rest_route=\/wp\/v2\/posts\/27995\/revisions"}],"wp:featuredmedia":[{"embeddable":true,"href":"http:\/\/elobservatorio.com.mx\/index.php?rest_route=\/wp\/v2\/media\/27996"}],"wp:attachment":[{"href":"http:\/\/elobservatorio.com.mx\/index.php?rest_route=%2Fwp%2Fv2%2Fmedia&parent=27995"}],"wp:term":[{"taxonomy":"category","embeddable":true,"href":"http:\/\/elobservatorio.com.mx\/index.php?rest_route=%2Fwp%2Fv2%2Fcategories&post=27995"},{"taxonomy":"post_tag","embeddable":true,"href":"http:\/\/elobservatorio.com.mx\/index.php?rest_route=%2Fwp%2Fv2%2Ftags&post=27995"}],"curies":[{"name":"wp","href":"https:\/\/api.w.org\/{rel}","templated":true}]}}