{"id":28039,"date":"2023-08-16T21:14:39","date_gmt":"2023-08-17T03:14:39","guid":{"rendered":"http:\/\/elobservatorio.com.mx\/?p=28039"},"modified":"2023-08-16T21:14:39","modified_gmt":"2023-08-17T03:14:39","slug":"viaje-a-medellin-estrecho-relacion-cultural-y-economica-con-colima-margarita-moreno","status":"publish","type":"post","link":"http:\/\/elobservatorio.com.mx\/?p=28039","title":{"rendered":"Viaje a Medell\u00edn estrech\u00f3 relaci\u00f3n cultural y econ\u00f3mica con Colima: Margarita Moreno\u00a0"},"content":{"rendered":"<p class=\"x_p1\"><em><span class=\"x_s1\">*Funcionarios del Ayuntamiento de Colima que integraron la delegaci\u00f3n de Colima a la Feria de las Flores informaron de los resultados.<span class=\"x_Apple-converted-space\">\u00a0<\/span><\/span><\/em><\/p>\n<p class=\"x_p1\"><span class=\"x_s1\">La presidenta municipal,<span class=\"x_Apple-converted-space\">\u00a0\u00a0<\/span>Margarita Moreno, se reuni\u00f3 con las y los funcionarios del Ayuntamiento de Colima que integraron la delegaci\u00f3n Colima, quienes acompa\u00f1aron a representantes de las c\u00e1maras empresariales a la Feria de las Flores de Medell\u00edn, Colombia, donde se realizaron diversos eventos que fortalecieron la relaci\u00f3n con esa ciudad y la capital colimense.<span class=\"x_Apple-converted-space\">\u00a0<\/span><\/span><\/p>\n<p class=\"x_p1\"><span class=\"x_s1\">En la sala de Cabildo del Palacio Municipal, Margarita Moreno, ponder\u00f3 las acciones de las y los funcionarios que representaron al municipio de Colima, cuyo trabajo se centr\u00f3 en fortalecer la relaci\u00f3n econ\u00f3mica y cultural con Medell\u00edn, ciudad invitada en el pasado Festival Internacional del Volc\u00e1n.<span class=\"x_Apple-converted-space\">\u00a0<\/span><\/span><\/p>\n<p class=\"x_p1\"><span class=\"x_s1\">El director del Instituto de Planeaci\u00f3n del Municipio de Colima, Jos\u00e9 de Jes\u00fas S\u00e1nchez Romo inform\u00f3 a la presidenta Margarita Moreno respecto a su participaci\u00f3n en la exposici\u00f3n de la Agencia de Cooperaci\u00f3n e Inversi\u00f3n (ACI) de Medell\u00edn, as\u00ed como las diversas visitas que se realizaron a espacios culturales, oficinas p\u00fablicas y secciones de desarrollo impulsados por el gobierno de Medell\u00edn.<\/span><\/p>\n<p class=\"x_p1\"><span class=\"x_s1\">Precis\u00f3 que Medell\u00edn es la entidad l\u00edder en el proceso de internacionalizaci\u00f3n de la ciudad &#8211; regi\u00f3n a trav\u00e9s de la construcci\u00f3n de relaciones internacionales estrat\u00e9gicas, gesti\u00f3n de oferta y demanda de cooperaci\u00f3n, atracci\u00f3n de inversi\u00f3n nacional y extranjera directa e incidencia pol\u00edtica como gobierno local, tambi\u00e9n conocido como diplomacia de ciudad, pr\u00e1cticas que le servir\u00e1n tambi\u00e9n al Ayuntamiento de Colima.<span class=\"x_Apple-converted-space\">\u00a0<\/span><\/span><\/p>\n<p class=\"x_p1\"><span class=\"x_s1\">El reconocido fot\u00f3grafo colimense, Sergio \u201cTapiro\u201d Velasco, adem\u00e1s de que se realiz\u00f3 una exposici\u00f3n del Museo de la Calle, la cual estar\u00e1 vigente hasta el 16 de septiembre,<span class=\"x_Apple-converted-space\">\u00a0\u00a0<\/span>particip\u00f3 como jurado del desfile de silleteros de Medell\u00edn, que es una de las m\u00e1s importantes representaciones culturales en esa ciudad.<\/span><\/p>\n<p class=\"x_p1\"><span class=\"x_s1\">\u201cEs una ciudad con mucha cultura y educaci\u00f3n, donde a trav\u00e9s del arte se ha logrado salir adelante y vivir un proceso de reconstrucci\u00f3n, haciendo que una ciudad emerja de las cenizas. La cultura nos ayuda a generar una identidad con acciones que podemos emprender en Colima\u201d, coment\u00f3.<span class=\"x_Apple-converted-space\">\u00a0<\/span><\/span><\/p>\n<p class=\"x_p1\"><span class=\"x_s1\">Asimismo el artista visual, Francisco Montes, quien tambi\u00e9n es trabajador del municipio colimense, present\u00f3 una exposici\u00f3n de pintura, la cual tuvo muy buena recepci\u00f3n entre los habitantes de Medell\u00edn.<\/span><\/p>\n<p class=\"x_p1\"><span class=\"x_s1\">Himelda Meraz S\u00e1nchez, Secretaria del Ayuntamiento le explic\u00f3 a la presidenta que con la participaci\u00f3n de la delegaci\u00f3n colimense se cumpli\u00f3 la instrucci\u00f3n de estrechar las relaciones con Medell\u00edn, traer mejores pol\u00edticas de gobierno y establecer los lazos de colaboraci\u00f3n para impulsar la econom\u00eda y el desarrollo, trabajo que se hizo en un acompa\u00f1amiento con las c\u00e1maras empresariales del estado de Colima.<span class=\"x_Apple-converted-space\">\u00a0<\/span><\/span><\/p>\n<p class=\"x_p1\"><span class=\"x_s1\">El presidente de Canadevi en Colima, Carlos Saucedo Mungu\u00eda, se\u00f1al\u00f3 la experiencia que se vivi\u00f3 en Medell\u00edn, donde se pudo conocer muchos de los procesos que han hecho posible que la ciudad colombiana sea reconocida por sus procesos de urbanizaci\u00f3n, planeaci\u00f3n, particularmente vinculados a la interacci\u00f3n social.<\/span><\/p>\n<p class=\"x_p1\"><span class=\"x_s1\">De la misma forma, Julio Lugo Barriga, presidente de la CMIC Colima, dio expres\u00f3 la importancia de poder crear una vinculaci\u00f3n con ciudades de otros pa\u00edses que puedan impulsar y promover pol\u00edticas p\u00fablicas con acciones que han dado resultados, m\u00e1s cuando se trata de una ciudad resiliente como lo es Medell\u00edn que guarda caracter\u00edsticas que Colima puede vincular.<\/span><\/p>\n<p class=\"x_p1\"><span class=\"x_s1\">El notario Rafael Verduzco Zepeda asever\u00f3 que esta reuni\u00f3n deja una gran experiencia, para identificar \u00e1reas de oportunidad en la visi\u00f3n de desarrollo y modernidad, de la mano con el impulso a la cultura e identidad de la sociedad.<span class=\"x_Apple-converted-space\">\u00a0<\/span><\/span><\/p>\n<p class=\"x_p1\"><span class=\"x_s1\">Al encuentro tambi\u00e9n asistieron Ana Magdalena Ruiz Ramos y Mariano Michel, tesorera y vicepresidente de la CMIC Colima, as\u00ed como la directora de Servicios P\u00fablicos Municipales, Itzel Luna Corral, la directora de la Casa del Archivo Hist\u00f3rico del Municipio de Colima, Patricia S\u00e1nchez Espinosa y la directora de Planeaci\u00f3n del Municipio, Shantal Casillas Guerrero.<\/span><\/p>\n","protected":false},"excerpt":{"rendered":"<p>*Funcionarios del Ayuntamiento de Colima que integraron la delegaci\u00f3n de Colima a la Feria de las Flores informaron de los resultados.\u00a0 La presidenta municipal,\u00a0\u00a0Margarita Moreno, se reuni\u00f3 con las y los funcionarios del Ayuntamiento de Colima que integraron la delegaci\u00f3n Colima, quienes acompa\u00f1aron a representantes de las c\u00e1maras empresariales a la Feria de las Flores&#8230;<\/p>\n","protected":false},"author":2,"featured_media":28040,"comment_status":"open","ping_status":"open","sticky":false,"template":"","format":"standard","meta":{"footnotes":""},"categories":[36,8],"tags":[29,30,28],"class_list":["post-28039","post","type-post","status-publish","format-standard","has-post-thumbnail","hentry","category-colima","category-municipios","tag-grid","tag-news","tag-slider"],"_links":{"self":[{"href":"http:\/\/elobservatorio.com.mx\/index.php?rest_route=\/wp\/v2\/posts\/28039"}],"collection":[{"href":"http:\/\/elobservatorio.com.mx\/index.php?rest_route=\/wp\/v2\/posts"}],"about":[{"href":"http:\/\/elobservatorio.com.mx\/index.php?rest_route=\/wp\/v2\/types\/post"}],"author":[{"embeddable":true,"href":"http:\/\/elobservatorio.com.mx\/index.php?rest_route=\/wp\/v2\/users\/2"}],"replies":[{"embeddable":true,"href":"http:\/\/elobservatorio.com.mx\/index.php?rest_route=%2Fwp%2Fv2%2Fcomments&post=28039"}],"version-history":[{"count":0,"href":"http:\/\/elobservatorio.com.mx\/index.php?rest_route=\/wp\/v2\/posts\/28039\/revisions"}],"wp:featuredmedia":[{"embeddable":true,"href":"http:\/\/elobservatorio.com.mx\/index.php?rest_route=\/wp\/v2\/media\/28040"}],"wp:attachment":[{"href":"http:\/\/elobservatorio.com.mx\/index.php?rest_route=%2Fwp%2Fv2%2Fmedia&parent=28039"}],"wp:term":[{"taxonomy":"category","embeddable":true,"href":"http:\/\/elobservatorio.com.mx\/index.php?rest_route=%2Fwp%2Fv2%2Fcategories&post=28039"},{"taxonomy":"post_tag","embeddable":true,"href":"http:\/\/elobservatorio.com.mx\/index.php?rest_route=%2Fwp%2Fv2%2Ftags&post=28039"}],"curies":[{"name":"wp","href":"https:\/\/api.w.org\/{rel}","templated":true}]}}