{"id":28042,"date":"2023-08-16T21:47:58","date_gmt":"2023-08-17T03:47:58","guid":{"rendered":"http:\/\/elobservatorio.com.mx\/?p=28042"},"modified":"2023-08-16T21:47:58","modified_gmt":"2023-08-17T03:47:58","slug":"en-tecoman-detenido-y-vinculado-a-proceso-por-robo-a-kiosko","status":"publish","type":"post","link":"http:\/\/elobservatorio.com.mx\/?p=28042","title":{"rendered":"En Tecom\u00e1n, detenido y vinculado a proceso por robo a Kiosko"},"content":{"rendered":"<p><em>*Intent\u00f3 someter a uno de los empleados, para tratar de sustraer dinero en efectivo<\/em><\/p>\n<p>La investigaci\u00f3n realizada por la Fiscal\u00eda General del Estado (FGE), permiti\u00f3 al Juez de Control vincular a proceso a un hombre por el hecho que la ley se\u00f1ala como delito de robo calificado en grado de tentativa, de acuerdo con hechos ocurridos en la colonia Centro, de la Ciudad de Tecom\u00e1n.<\/p>\n<p>La carpeta de investigaci\u00f3n establece que el imputado de 19 a\u00f1os de edad, ingres\u00f3 a una tienda de conveniencia y bajo amenazas intent\u00f3 someter a uno de los empleados, para tratar de sustraer dinero en efectivo, cuando intentaba huir fue detenido por elementos de la Polic\u00eda Municipal y posteriormente turnado al juez.<\/p>\n<p>En la audiencia inicial, dicha autoridad calific\u00f3 de legal la detenci\u00f3n, vincul\u00f3 a proceso al imputado e impuso para \u00e9l la prisi\u00f3n preventiva como medida cautelar por dicho delito, cometido a una sucursal de la cadena Kiosko, ordenando su internamiento al centro penitenciario correspondiente.<\/p>\n<p>De esta manera la Fiscal\u00eda de Colima trabaja en la persecuci\u00f3n y esclarecimiento de estos delitos que afectan el patrimonio de instituciones, empresas y de la poblaci\u00f3n en general, priorizando siempre la reparaci\u00f3n del da\u00f1o y la justicia en favor de las v\u00edctimas.<\/p>\n<p>Para las instituciones de seguridad y procuraci\u00f3n de justicia, es importante contar con el apoyo de la poblaci\u00f3n a trav\u00e9s de sus denuncias an\u00f3nimas a la l\u00ednea 089 y el reporte de las emergencias al 911, por ello se insiste en el uso responsable de estas alternativas de comunicaci\u00f3n directa con la autoridad.<\/p>\n","protected":false},"excerpt":{"rendered":"<p>*Intent\u00f3 someter a uno de los empleados, para tratar de sustraer dinero en efectivo La investigaci\u00f3n realizada por la Fiscal\u00eda General del Estado (FGE), permiti\u00f3 al Juez de Control vincular a proceso a un hombre por el hecho que la ley se\u00f1ala como delito de robo calificado en grado de tentativa, de acuerdo con hechos&#8230;<\/p>\n","protected":false},"author":2,"featured_media":28044,"comment_status":"open","ping_status":"open","sticky":false,"template":"","format":"standard","meta":{"footnotes":""},"categories":[15],"tags":[29,30,28],"class_list":["post-28042","post","type-post","status-publish","format-standard","has-post-thumbnail","hentry","category-seguridad-y-justicia","tag-grid","tag-news","tag-slider"],"_links":{"self":[{"href":"http:\/\/elobservatorio.com.mx\/index.php?rest_route=\/wp\/v2\/posts\/28042"}],"collection":[{"href":"http:\/\/elobservatorio.com.mx\/index.php?rest_route=\/wp\/v2\/posts"}],"about":[{"href":"http:\/\/elobservatorio.com.mx\/index.php?rest_route=\/wp\/v2\/types\/post"}],"author":[{"embeddable":true,"href":"http:\/\/elobservatorio.com.mx\/index.php?rest_route=\/wp\/v2\/users\/2"}],"replies":[{"embeddable":true,"href":"http:\/\/elobservatorio.com.mx\/index.php?rest_route=%2Fwp%2Fv2%2Fcomments&post=28042"}],"version-history":[{"count":0,"href":"http:\/\/elobservatorio.com.mx\/index.php?rest_route=\/wp\/v2\/posts\/28042\/revisions"}],"wp:featuredmedia":[{"embeddable":true,"href":"http:\/\/elobservatorio.com.mx\/index.php?rest_route=\/wp\/v2\/media\/28044"}],"wp:attachment":[{"href":"http:\/\/elobservatorio.com.mx\/index.php?rest_route=%2Fwp%2Fv2%2Fmedia&parent=28042"}],"wp:term":[{"taxonomy":"category","embeddable":true,"href":"http:\/\/elobservatorio.com.mx\/index.php?rest_route=%2Fwp%2Fv2%2Fcategories&post=28042"},{"taxonomy":"post_tag","embeddable":true,"href":"http:\/\/elobservatorio.com.mx\/index.php?rest_route=%2Fwp%2Fv2%2Ftags&post=28042"}],"curies":[{"name":"wp","href":"https:\/\/api.w.org\/{rel}","templated":true}]}}