{"id":28046,"date":"2023-08-17T10:56:53","date_gmt":"2023-08-17T16:56:53","guid":{"rendered":"http:\/\/elobservatorio.com.mx\/?p=28046"},"modified":"2023-08-17T10:56:53","modified_gmt":"2023-08-17T16:56:53","slug":"invita-mc-a-participar-en-el-primer-mercadito-naranja-que-se-instalara-en-tecoman","status":"publish","type":"post","link":"http:\/\/elobservatorio.com.mx\/?p=28046","title":{"rendered":"Invita MC a participar en el Primer \u201cMercadito Naranja\u201d que se instalar\u00e1 en Tecom\u00e1n"},"content":{"rendered":"<p><em>*MC pretende que las y los emprendedores participen en el evento.<\/em><\/p>\n<p>Tecom\u00e1n. &#8211; Este s\u00e1bado 26 de agosto la Coordinaci\u00f3n Municipal de Movimiento Ciudadano en Tecom\u00e1n, llevar\u00e1 a cabo el primer \u201cMercadito Naranja\u201d en la cancha techada de la colonia San Isidro de este municipio, de 5:00 de la tarde a 10: 00 de la noche; dio a conocer, Juan Cruz Ram\u00edrez, Secretario de Organizaci\u00f3n y Proyecci\u00f3n Pol\u00edtica de la Coordinaci\u00f3n Municipal de Movimiento Ciudadano.<\/p>\n<p>Dijo que esta actividad es organizada y promovida por la Secretaria de Movimiento de los J\u00f3venes en el Municipio, Daniela Zerme\u00f1o, en beneficio de las personas emprendedoras de Tecom\u00e1n, con el objetivo de reactivar directamente la econom\u00eda de ellas, \u201ces momento de apoyar a todas y todos los j\u00f3venes, as\u00ed como adultos que son emprendedores o que tienen alg\u00fan negocio por el cual sostienen a sus familias\u201d, se\u00f1al\u00f3.<\/p>\n<p>En ese sentido, Cruz Ram\u00edrez hizo una cordial invitaci\u00f3n a que participen en este primer Mercadito Naranja, apartando su lugar por WhatsApp al n\u00famero 52 313 151 5778, con la Secretaria de Movimiento de J\u00f3venes en Tecom\u00e1n, Daniela Zerme\u00f1o, (Inscripci\u00f3n totalmente gratuita).<\/p>\n","protected":false},"excerpt":{"rendered":"<p>*MC pretende que las y los emprendedores participen en el evento. Tecom\u00e1n. &#8211; Este s\u00e1bado 26 de agosto la Coordinaci\u00f3n Municipal de Movimiento Ciudadano en Tecom\u00e1n, llevar\u00e1 a cabo el primer \u201cMercadito Naranja\u201d en la cancha techada de la colonia San Isidro de este municipio, de 5:00 de la tarde a 10: 00 de la&#8230;<\/p>\n","protected":false},"author":2,"featured_media":28047,"comment_status":"open","ping_status":"open","sticky":false,"template":"","format":"standard","meta":{"footnotes":""},"categories":[10],"tags":[29,30,28],"class_list":["post-28046","post","type-post","status-publish","format-standard","has-post-thumbnail","hentry","category-politica","tag-grid","tag-news","tag-slider"],"_links":{"self":[{"href":"http:\/\/elobservatorio.com.mx\/index.php?rest_route=\/wp\/v2\/posts\/28046"}],"collection":[{"href":"http:\/\/elobservatorio.com.mx\/index.php?rest_route=\/wp\/v2\/posts"}],"about":[{"href":"http:\/\/elobservatorio.com.mx\/index.php?rest_route=\/wp\/v2\/types\/post"}],"author":[{"embeddable":true,"href":"http:\/\/elobservatorio.com.mx\/index.php?rest_route=\/wp\/v2\/users\/2"}],"replies":[{"embeddable":true,"href":"http:\/\/elobservatorio.com.mx\/index.php?rest_route=%2Fwp%2Fv2%2Fcomments&post=28046"}],"version-history":[{"count":0,"href":"http:\/\/elobservatorio.com.mx\/index.php?rest_route=\/wp\/v2\/posts\/28046\/revisions"}],"wp:featuredmedia":[{"embeddable":true,"href":"http:\/\/elobservatorio.com.mx\/index.php?rest_route=\/wp\/v2\/media\/28047"}],"wp:attachment":[{"href":"http:\/\/elobservatorio.com.mx\/index.php?rest_route=%2Fwp%2Fv2%2Fmedia&parent=28046"}],"wp:term":[{"taxonomy":"category","embeddable":true,"href":"http:\/\/elobservatorio.com.mx\/index.php?rest_route=%2Fwp%2Fv2%2Fcategories&post=28046"},{"taxonomy":"post_tag","embeddable":true,"href":"http:\/\/elobservatorio.com.mx\/index.php?rest_route=%2Fwp%2Fv2%2Ftags&post=28046"}],"curies":[{"name":"wp","href":"https:\/\/api.w.org\/{rel}","templated":true}]}}