{"id":28063,"date":"2023-08-21T08:55:31","date_gmt":"2023-08-21T14:55:31","guid":{"rendered":"http:\/\/elobservatorio.com.mx\/?p=28063"},"modified":"2023-08-21T08:55:31","modified_gmt":"2023-08-21T14:55:31","slug":"inicia-actividades-primera-maestria-en-nutricion-clinica-de-la-udec","status":"publish","type":"post","link":"http:\/\/elobservatorio.com.mx\/?p=28063","title":{"rendered":"Inicia actividades primera maestr\u00eda en Nutrici\u00f3n Cl\u00ednica de la UdeC"},"content":{"rendered":"<p><em>*\u201cNuestra expectativa es que la maestr\u00eda en Nutrici\u00f3n Cl\u00ednica se convierta en un posgrado de excelencia y que sea reconocido como tal de manera oficial por los organismos acreditadores\u201d: Emilio Prieto D\u00edaz<\/em><\/p>\n<p>Este fin de semana inici\u00f3 actividades la primera generaci\u00f3n de la maestr\u00eda en Nutrici\u00f3n Cl\u00ednica que ofrece la Facultad de Medicina de la Universidad de Colima, con el objetivo de formar profesionales que contribuyan a la prevenci\u00f3n, mantenimiento y restauraci\u00f3n del estado de nutrici\u00f3n en individuos y poblaciones, mediante la implementaci\u00f3n del proceso de atenci\u00f3n nutricia, as\u00ed como un enfoque \u00e9tico y humanista.<\/p>\n<p>En primer t\u00e9rmino, el director de la Facultad de Medicina, Emilio Prieto D\u00edaz Ch\u00e1vez dio la bienvenida a las y los alumnos de esta primera generaci\u00f3n y habl\u00f3 de la pertinencia de dicha maestr\u00eda profesionalizante que les brindar\u00e1, dijo, \u201clas bases cl\u00ednicas y cient\u00edficas al practicar la nutrici\u00f3n en los hospitales; ser\u00e1 una apasionante y enriquecedora etapa en su formaci\u00f3n, as\u00ed como para la facultad, porque es el primer estudio de posgrado que se va a llevar a cabo desde la Licenciatura en Nutrici\u00f3n\u201d.<\/p>\n<p>Este nuevo viaje acad\u00e9mico, asegur\u00f3 a los estudiantes, les permitir\u00e1 expandir sus horizontes en un campo de la terapia nutricional especializada y los convertir\u00e1 en un grupo de profesionales, destac\u00f3, que ayudar\u00e1n a elevar los est\u00e1ndares de la nutrici\u00f3n en el estado, en la regi\u00f3n y posiblemente a nivel nacional; \u201custedes tendr\u00e1n la posibilidad de explorar nuevos horizontes en lo que ahora llamamos apoyo metab\u00f3lico, porque no es solamente darle de comer al paciente, sino saber todos los cambios metab\u00f3licos a los que se le somete durante un proceso de nutrici\u00f3n en cualquiera de sus variantes\u201d.<\/p>\n<p>De igual manera, destac\u00f3 la participaci\u00f3n de docentes de talla local y nacional que se han sumado con total compromiso a este nuevo programa de maestr\u00eda, abordando temas tan importantes como la fisiopatolog\u00eda, la evaluaci\u00f3n nutricional, los avances cient\u00edficos y los aspectos normativos y legales de este ejercicio profesional.<\/p>\n<p>Dijo adem\u00e1s que los temas que abordar\u00e1n en la maestr\u00eda les dar\u00e1n la oportunidad de crecer tanto en lo personal como en lo profesional, \u201cpara adquirir una s\u00f3lida base de conocimientos y para inspirarse en la b\u00fasqueda constante de la excelencia; nuestra expectativa es que la maestr\u00eda en Nutrici\u00f3n Cl\u00ednica se convierta en un posgrado de excelencia y que sea reconocido como tal de manera oficial por los organismos acreditadores\u201d.<\/p>\n<p>A\u00f1adi\u00f3 que en la actualidad, la nutrici\u00f3n presenta desaf\u00edos diversos y din\u00e1micos y en ese sentido la presente maestr\u00eda est\u00e1 dise\u00f1ada, dijo, \u201cpara preparar a profesionales que puedan abordar con destreza y comprensi\u00f3n profunda este tipo de retos. Los aliento a aprovechar cada momento de aprendizaje y a participar activamente en las discusiones, a colaborar con sus compa\u00f1eros para que entre todos enriquezcan sus propias perspectivas. La discusi\u00f3n y el an\u00e1lisis es lo que hace crecer a los profesionistas\u201d.<\/p>\n<p>En representaci\u00f3n de la directora General de Posgrado, Arianna S\u00e1nchez Espinosa, la responsable del \u00e1rea de supervisi\u00f3n y evaluaci\u00f3n de esta dependencia, Areli Rodr\u00edguez V\u00e1zquez invit\u00f3 a las y los estudiantes de esta maestr\u00eda a visitar la p\u00e1gina web de la direcci\u00f3n de Posgrado, donde podr\u00e1n encontrar informaci\u00f3n sobre la normativa, reglamentos y evaluaciones que les ser\u00e1n de utilidad durante el desarrollo de esta maestr\u00eda.<\/p>\n<p>En su turno, el catedr\u00e1tico de la Facultad de Medicina y coordinador de esta nueva maestr\u00eda, Jaime Alberto Bricio Barrios se\u00f1al\u00f3 que este programa acad\u00e9mico tendr\u00e1 sesiones los viernes y s\u00e1bados de manera presencial, con algunas sesiones virtuales entre semana y estar\u00e1 dividido en cuatro materias y cuatro bloques.<\/p>\n<p>En la inauguraci\u00f3n estuvieron presentes tambi\u00e9n los docentes de esta maestr\u00eda Paulina Vargas, Ricardo Garc\u00eda Rodr\u00edguez, Mario del Toro Equihua, M\u00f3nica R\u00edos Silva, Alin Jael Palacios Fonseca, F\u00e1tima L\u00f3pez Alcaraz y Karla Berenice Carrazco Pe\u00f1a.<\/p>\n<p>&nbsp;<\/p>\n<p>&nbsp;<\/p>\n","protected":false},"excerpt":{"rendered":"<p>*\u201cNuestra expectativa es que la maestr\u00eda en Nutrici\u00f3n Cl\u00ednica se convierta en un posgrado de excelencia y que sea reconocido como tal de manera oficial por los organismos acreditadores\u201d: Emilio Prieto D\u00edaz Este fin de semana inici\u00f3 actividades la primera generaci\u00f3n de la maestr\u00eda en Nutrici\u00f3n Cl\u00ednica que ofrece la Facultad de Medicina de la&#8230;<\/p>\n","protected":false},"author":2,"featured_media":28064,"comment_status":"open","ping_status":"open","sticky":false,"template":"","format":"standard","meta":{"footnotes":""},"categories":[14],"tags":[29,30,28],"class_list":["post-28063","post","type-post","status-publish","format-standard","has-post-thumbnail","hentry","category-educacion-y-cultura","tag-grid","tag-news","tag-slider"],"_links":{"self":[{"href":"http:\/\/elobservatorio.com.mx\/index.php?rest_route=\/wp\/v2\/posts\/28063"}],"collection":[{"href":"http:\/\/elobservatorio.com.mx\/index.php?rest_route=\/wp\/v2\/posts"}],"about":[{"href":"http:\/\/elobservatorio.com.mx\/index.php?rest_route=\/wp\/v2\/types\/post"}],"author":[{"embeddable":true,"href":"http:\/\/elobservatorio.com.mx\/index.php?rest_route=\/wp\/v2\/users\/2"}],"replies":[{"embeddable":true,"href":"http:\/\/elobservatorio.com.mx\/index.php?rest_route=%2Fwp%2Fv2%2Fcomments&post=28063"}],"version-history":[{"count":0,"href":"http:\/\/elobservatorio.com.mx\/index.php?rest_route=\/wp\/v2\/posts\/28063\/revisions"}],"wp:featuredmedia":[{"embeddable":true,"href":"http:\/\/elobservatorio.com.mx\/index.php?rest_route=\/wp\/v2\/media\/28064"}],"wp:attachment":[{"href":"http:\/\/elobservatorio.com.mx\/index.php?rest_route=%2Fwp%2Fv2%2Fmedia&parent=28063"}],"wp:term":[{"taxonomy":"category","embeddable":true,"href":"http:\/\/elobservatorio.com.mx\/index.php?rest_route=%2Fwp%2Fv2%2Fcategories&post=28063"},{"taxonomy":"post_tag","embeddable":true,"href":"http:\/\/elobservatorio.com.mx\/index.php?rest_route=%2Fwp%2Fv2%2Ftags&post=28063"}],"curies":[{"name":"wp","href":"https:\/\/api.w.org\/{rel}","templated":true}]}}