{"id":28066,"date":"2023-08-21T12:29:26","date_gmt":"2023-08-21T18:29:26","guid":{"rendered":"http:\/\/elobservatorio.com.mx\/?p=28066"},"modified":"2023-08-21T12:29:26","modified_gmt":"2023-08-21T18:29:26","slug":"atraca-con-exito-el-buque-portacontenedores-von-humboldt","status":"publish","type":"post","link":"http:\/\/elobservatorio.com.mx\/?p=28066","title":{"rendered":"Atraca con \u00e9xito el buque portacontenedores Von Humboldt"},"content":{"rendered":"<p>La Administraci\u00f3n del Sistema Portuario Nacional Manzanillo se enorgullece en informar el exitoso arribo y operaci\u00f3n del buque portacontenedores CMA CGM Alexander Von Humboldt en el Puerto de Manzanillo. Este evento marca un hito en la historia de nuestro puerto y consolida nuestra posici\u00f3n como l\u00edderes en la industria portuaria nacional.<\/p>\n<p>El CMA CGM Alexander Von Humboldt, es una embarcaci\u00f3n de gran relevancia en el comercio internacional. Con un arqueo bruto de 176 mil 546 toneladas, desembarcar\u00e1 en Manzanillo 2 mil 339 contenedores de importaci\u00f3n, con lo que este buque destaca por su capacidad y eficiencia en la movilizaci\u00f3n de mercanc\u00edas.<\/p>\n<p>Construido en 2013 y con bandera de Malta, ha recorrido los mares del mundo bajo la operaci\u00f3n de CMA CGM, una reconocida naviera internacional. Su arribo a nuestro Puerto es una se\u00f1al de confianza en nuestra infraestructura, operatividad y capacidad log\u00edstica. El exitoso proceso de arribo y atraque qued\u00f3 registrado en el sistema Puerto Inteligente Seguro este 21 de agosto, a las 07:38 horas, programando su desatraque para el 23 de agosto a las 08:00 horas.<\/p>\n<p>Este logro no hubiera sido posible sin la colaboraci\u00f3n y esfuerzo conjunto de todos los actores involucrados, desde la experiencia y pericia de los Pilotos de Puerto, la capacidad de la terminal CONTECON Manzanillo, la participaci\u00f3n de la capitan\u00eda de puerto, el administrador portuario y dem\u00e1s autoridades, as\u00ed como los equipos operativos. Este \u00e9xito resalta la capacidad de nuestra comunidad portuaria para enfrentar desaf\u00edos y cumplir con los m\u00e1s altos est\u00e1ndares de operaci\u00f3n.<\/p>\n<p>ASIPONA Manzanillo agradece a todos los involucrados por su compromiso y dedicaci\u00f3n en este proceso. La llegada del CMA CGM Alexander Von Humboldt refuerza nuestra visi\u00f3n de ser un puerto l\u00edder, innovador y eficiente en el comercio internacional. Continuaremos trabajando en colaboraci\u00f3n para mantener esta excelencia operativa y fortalecer nuestro posicionamiento en la industria.<\/p>\n","protected":false},"excerpt":{"rendered":"<p>La Administraci\u00f3n del Sistema Portuario Nacional Manzanillo se enorgullece en informar el exitoso arribo y operaci\u00f3n del buque portacontenedores CMA CGM Alexander Von Humboldt en el Puerto de Manzanillo. Este evento marca un hito en la historia de nuestro puerto y consolida nuestra posici\u00f3n como l\u00edderes en la industria portuaria nacional. El CMA CGM Alexander&#8230;<\/p>\n","protected":false},"author":2,"featured_media":28067,"comment_status":"open","ping_status":"open","sticky":false,"template":"","format":"standard","meta":{"footnotes":""},"categories":[18],"tags":[29,30,28],"class_list":["post-28066","post","type-post","status-publish","format-standard","has-post-thumbnail","hentry","category-region","tag-grid","tag-news","tag-slider"],"_links":{"self":[{"href":"http:\/\/elobservatorio.com.mx\/index.php?rest_route=\/wp\/v2\/posts\/28066"}],"collection":[{"href":"http:\/\/elobservatorio.com.mx\/index.php?rest_route=\/wp\/v2\/posts"}],"about":[{"href":"http:\/\/elobservatorio.com.mx\/index.php?rest_route=\/wp\/v2\/types\/post"}],"author":[{"embeddable":true,"href":"http:\/\/elobservatorio.com.mx\/index.php?rest_route=\/wp\/v2\/users\/2"}],"replies":[{"embeddable":true,"href":"http:\/\/elobservatorio.com.mx\/index.php?rest_route=%2Fwp%2Fv2%2Fcomments&post=28066"}],"version-history":[{"count":0,"href":"http:\/\/elobservatorio.com.mx\/index.php?rest_route=\/wp\/v2\/posts\/28066\/revisions"}],"wp:featuredmedia":[{"embeddable":true,"href":"http:\/\/elobservatorio.com.mx\/index.php?rest_route=\/wp\/v2\/media\/28067"}],"wp:attachment":[{"href":"http:\/\/elobservatorio.com.mx\/index.php?rest_route=%2Fwp%2Fv2%2Fmedia&parent=28066"}],"wp:term":[{"taxonomy":"category","embeddable":true,"href":"http:\/\/elobservatorio.com.mx\/index.php?rest_route=%2Fwp%2Fv2%2Fcategories&post=28066"},{"taxonomy":"post_tag","embeddable":true,"href":"http:\/\/elobservatorio.com.mx\/index.php?rest_route=%2Fwp%2Fv2%2Ftags&post=28066"}],"curies":[{"name":"wp","href":"https:\/\/api.w.org\/{rel}","templated":true}]}}