{"id":28069,"date":"2023-08-21T12:58:47","date_gmt":"2023-08-21T18:58:47","guid":{"rendered":"http:\/\/elobservatorio.com.mx\/?p=28069"},"modified":"2023-08-21T12:58:47","modified_gmt":"2023-08-21T18:58:47","slug":"trabajara-tey-con-canadevi-para-que-nuevos-fraccionamientos-incluyan-videovigilancia","status":"publish","type":"post","link":"http:\/\/elobservatorio.com.mx\/?p=28069","title":{"rendered":"Trabajar\u00e1 Tey con Canadevi para que nuevos fraccionamientos incluyan videovigilancia"},"content":{"rendered":"<p><em>*Autoriza Consejo Municipal de Seguridad P\u00fablica a la Alcaldesa elaborar, junto con desarrolladores de vivienda, propuesta de reforma reglamentaria<\/em><\/p>\n<p>Villa de \u00c1lvarez, Col.- El Consejo Municipal de Seguridad P\u00fablica de Villa de \u00c1lvarez autoriz\u00f3 a la Presidenta Tey Guti\u00e9rrez Andrade iniciar trabajos, junto con la C\u00e1mara Nacional de Desarrolladores de Vivienda (Canadevi), para que los nuevos fraccionamientos en el municipio incluyan equipos de video vigilancia.<\/p>\n<p>La autorizaci\u00f3n aprobada en votaci\u00f3n un\u00e1nime durante la 12 Sesi\u00f3n Ordinaria del Consejo Municipal de Seguridad P\u00fablica, es para que la Alcaldesa de Villa de \u00c1lvarez y la Canadevi Colima trabajen en la elaboraci\u00f3n de reformas al Reglamento de Desarrollo Urbano Municipal.<\/p>\n<p>Guti\u00e9rrez Andrade mencion\u00f3 que las modificaciones reglamentarias municipales buscar\u00e1n que los nuevos desarrollos de vivienda en Villa de \u00c1lvarez se entreguen con equipos de videovigilancia en parques, jardines, \u00e1reas verdes y vialidades principales, para que esos espacios sean Entornos Seguros cuando se entreguen al municipio.<\/p>\n<p>La Presidenta Municipal record\u00f3 que su gobierno ya tiene implementado un programa en el que se est\u00e1n instalando 50 c\u00e1maras de videovigilancia en jardines de igual n\u00famero de colonias, las cuales son monitoreadas por las propias vecinas y vecinos.<\/p>\n<p>La Regidora Perla V\u00e1zquez Montes, consider\u00f3 un acierto la propuesta, pues de concretarse marcar\u00e1 una diferencia en materia de seguridad, ya que en las colonias donde existe ese tipo de equipo, se ha convertido en una herramienta valiosa para inhibir la comisi\u00f3n de conductas antisociales.<\/p>\n<p>H\u00e9ctor Alfredo Castillo B\u00e1ez, Secretario de Seguridad P\u00fablica del Gobierno del Estado, valor\u00f3 el trabajo coordinado entre las corporaciones policiacas del estado y del municipio, pues ha dado como resultado en los \u00faltimos meses una disminuci\u00f3n en la incidencia de los delitos patrimoniales en Villa de \u00c1lvarez.<\/p>\n<p>A la 12 Sesi\u00f3n Ordinaria del Consejo Municipal de Seguridad P\u00fablica asistieron tambi\u00e9n presidentes de Comit\u00e9s de Barrio, funcionarios del Secretariado Ejecutivo del Sistema Estatal de Seguridad P\u00fablica, Secretar\u00eda de Seguridad P\u00fablica, el S\u00edndico Municipal, Regidores, Regidoras y servidoras y servidores p\u00fablicos del municipio.<\/p>\n","protected":false},"excerpt":{"rendered":"<p>*Autoriza Consejo Municipal de Seguridad P\u00fablica a la Alcaldesa elaborar, junto con desarrolladores de vivienda, propuesta de reforma reglamentaria Villa de \u00c1lvarez, Col.- El Consejo Municipal de Seguridad P\u00fablica de Villa de \u00c1lvarez autoriz\u00f3 a la Presidenta Tey Guti\u00e9rrez Andrade iniciar trabajos, junto con la C\u00e1mara Nacional de Desarrolladores de Vivienda (Canadevi), para que los&#8230;<\/p>\n","protected":false},"author":2,"featured_media":28070,"comment_status":"open","ping_status":"open","sticky":false,"template":"","format":"standard","meta":{"footnotes":""},"categories":[8,42],"tags":[29,30,28],"class_list":["post-28069","post","type-post","status-publish","format-standard","has-post-thumbnail","hentry","category-municipios","category-villa-de-alvarez","tag-grid","tag-news","tag-slider"],"_links":{"self":[{"href":"http:\/\/elobservatorio.com.mx\/index.php?rest_route=\/wp\/v2\/posts\/28069"}],"collection":[{"href":"http:\/\/elobservatorio.com.mx\/index.php?rest_route=\/wp\/v2\/posts"}],"about":[{"href":"http:\/\/elobservatorio.com.mx\/index.php?rest_route=\/wp\/v2\/types\/post"}],"author":[{"embeddable":true,"href":"http:\/\/elobservatorio.com.mx\/index.php?rest_route=\/wp\/v2\/users\/2"}],"replies":[{"embeddable":true,"href":"http:\/\/elobservatorio.com.mx\/index.php?rest_route=%2Fwp%2Fv2%2Fcomments&post=28069"}],"version-history":[{"count":0,"href":"http:\/\/elobservatorio.com.mx\/index.php?rest_route=\/wp\/v2\/posts\/28069\/revisions"}],"wp:featuredmedia":[{"embeddable":true,"href":"http:\/\/elobservatorio.com.mx\/index.php?rest_route=\/wp\/v2\/media\/28070"}],"wp:attachment":[{"href":"http:\/\/elobservatorio.com.mx\/index.php?rest_route=%2Fwp%2Fv2%2Fmedia&parent=28069"}],"wp:term":[{"taxonomy":"category","embeddable":true,"href":"http:\/\/elobservatorio.com.mx\/index.php?rest_route=%2Fwp%2Fv2%2Fcategories&post=28069"},{"taxonomy":"post_tag","embeddable":true,"href":"http:\/\/elobservatorio.com.mx\/index.php?rest_route=%2Fwp%2Fv2%2Ftags&post=28069"}],"curies":[{"name":"wp","href":"https:\/\/api.w.org\/{rel}","templated":true}]}}