{"id":28107,"date":"2023-08-22T19:09:49","date_gmt":"2023-08-23T01:09:49","guid":{"rendered":"http:\/\/elobservatorio.com.mx\/?p=28107"},"modified":"2023-08-22T19:09:49","modified_gmt":"2023-08-23T01:09:49","slug":"celebran-en-cofradia-de-juarez-27-anos-del-bachillerato-31","status":"publish","type":"post","link":"http:\/\/elobservatorio.com.mx\/?p=28107","title":{"rendered":"Celebran en Cofrad\u00eda de Ju\u00e1rez, 27 a\u00f1os del Bachillerato 31"},"content":{"rendered":"<p><em>*En nombre de las y los egresados del plantel, C\u00e9sar Moreno Salazar agradeci\u00f3 a la UdeC \u201cpor la acertada decisi\u00f3n de voltear a ver a la poblaci\u00f3n de Cofrad\u00eda de Ju\u00e1rez, para ser pilar fundamental en la formaci\u00f3n acad\u00e9mica de los j\u00f3venes de esta comunidad\u201d.<\/em><\/p>\n<p>Con actividades formativas y recreativas, as\u00ed como una ceremonia c\u00edvica, en d\u00edas pasados el Bachillerato 31 de la Universidad de Colima, ubicado en la comunidad de Cofrad\u00eda de Ju\u00e1rez, del municipio de Armer\u00eda, celebr\u00f3 su 27 aniversario.<\/p>\n<p>Durante el acto c\u00edvico, Jos\u00e9 Guadalupe Vizcarra de la Rosa, director del plantel, mencion\u00f3 que gracias a la buena disposici\u00f3n del rector actual y a las diversas gestiones que se hacen, \u201cnos toca ser testigos de grandes cambios para nuestro bachillerato\u201d.<\/p>\n<p>Se dijo contento de participar en esta celebraci\u00f3n; \u201cfalta mucho por hacer, pero con un trabajo coordinado entre docentes, administrativos y personal de apoyo, seguiremos dando las mejores condiciones para la comunidad estudiantil\u201d.<\/p>\n<p>En representaci\u00f3n de las y los estudiantes del plantel, Jorge Alberto Cortez Cernas coment\u00f3 que para muchos puede ser una fecha simple, \u201cpero me he dado cuenta de la emoci\u00f3n que existe en los exalumnos que hoy son padres o madres de familia o incluso exitosos profesionistas que dicen: \u2018yo estudi\u00e9 en este bachillerato\u2019\u201d.<\/p>\n<p>Para terminar, se dijo orgulloso de ser parte de este festejo; \u201cdentro de unos a\u00f1os podr\u00e9 recordar que nuestro esfuerzo tambi\u00e9n rendir\u00e1 frutos y podremos decir con orgullo que tambi\u00e9n somos egresados de este plantel\u201d.<\/p>\n<p>El profesor Herberto de la Rosa D\u00edaz, en nombre de las y los docentes, destac\u00f3 el paso de estudiantes por el plantel; \u201cgeneraciones van, generaciones vienen, y es un honor ser el mentor de varias de ellas que con entusiasmo y dedicaci\u00f3n enfrentan los retos para salir adelante. Hoy en d\u00eda me los encuentro siendo buenos profesionistas, tanto en el sector p\u00fablico como en el privado, laborando en las principales empresas e instituciones que hay en el estado\u201d.<\/p>\n<p>En nombre de las y los egresados de este plantel, C\u00e9sar Moreno Salazar agradeci\u00f3 a la UdeC \u201cpor la acertada decisi\u00f3n de voltear a ver a la poblaci\u00f3n de Cofrad\u00eda de Ju\u00e1rez, para ser pilar fundamental en la formaci\u00f3n acad\u00e9mica de los j\u00f3venes de esta comunidad\u201d.<\/p>\n<p>Invit\u00f3 a las y los estudiantes a aprovechar su etapa de bachillerato; \u201cexpriman en el aula el conocimiento de sus maestros, pues les acompa\u00f1ar\u00e1 por el resto de sus vidas; valoren en casa el buen consejo de sus padres, cond\u00fazcanse en esta etapa de su juventud con mucho apego a los valores y el bien com\u00fan, pues hoy la sociedad requiere de una reestructuraci\u00f3n de fondo y que les va a tocar a ustedes ser los l\u00edderes para lograr ese cambio\u201d.<\/p>\n<p>Por \u00faltimo, \u00d3scar Pedraza Far\u00edas, supervisor escolar en representaci\u00f3n de Carlos Alberto Montes Carbajal, Delegado de Tecom\u00e1n, mencion\u00f3 que en sus a\u00f1os de trayectoria el Bachillerato 31 \u201cha forjado un camino de logros y desaf\u00edos superados; ha visto c\u00f3mo sus estudiantes han crecido y evolucionado, no s\u00f3lo en t\u00e9rminos acad\u00e9micos, sino tambi\u00e9n como individuos comprometidos con su comunidad y su entorno\u201d.<\/p>\n<p>Continu\u00f3: \u201cha sido un espacio de descubrimiento, de exploraci\u00f3n de nuevas ideas, de fomento de la creatividad y construcci\u00f3n de amistades duraderas; ha sido semillero de l\u00edderes, emprendedores, cient\u00edficos, artistas y ciudadanos responsables que est\u00e1n contribuyendo activamente a la sociedad\u201d.<\/p>\n<p>En el evento tambi\u00e9n estuvieron presentes los exdirectores del plantel: Rafael Nieto Carrazco y Aristeo Vizca\u00edno Vargas, asi como Diana Zepeda Figueroa, presidenta municipal de Armer\u00eda y Raquel Osorio S\u00e1nchez, presidenta de la H. Junta Municipal de Cofrad\u00eda de Ju\u00e1rez, adem\u00e1s de la comunidad universitaria del plantel.<\/p>\n<p>&nbsp;<\/p>\n<p>&nbsp;<\/p>\n","protected":false},"excerpt":{"rendered":"<p>*En nombre de las y los egresados del plantel, C\u00e9sar Moreno Salazar agradeci\u00f3 a la UdeC \u201cpor la acertada decisi\u00f3n de voltear a ver a la poblaci\u00f3n de Cofrad\u00eda de Ju\u00e1rez, para ser pilar fundamental en la formaci\u00f3n acad\u00e9mica de los j\u00f3venes de esta comunidad\u201d. Con actividades formativas y recreativas, as\u00ed como una ceremonia c\u00edvica,&#8230;<\/p>\n","protected":false},"author":2,"featured_media":28108,"comment_status":"open","ping_status":"open","sticky":false,"template":"","format":"standard","meta":{"footnotes":""},"categories":[14],"tags":[29,30,28],"class_list":["post-28107","post","type-post","status-publish","format-standard","has-post-thumbnail","hentry","category-educacion-y-cultura","tag-grid","tag-news","tag-slider"],"_links":{"self":[{"href":"http:\/\/elobservatorio.com.mx\/index.php?rest_route=\/wp\/v2\/posts\/28107"}],"collection":[{"href":"http:\/\/elobservatorio.com.mx\/index.php?rest_route=\/wp\/v2\/posts"}],"about":[{"href":"http:\/\/elobservatorio.com.mx\/index.php?rest_route=\/wp\/v2\/types\/post"}],"author":[{"embeddable":true,"href":"http:\/\/elobservatorio.com.mx\/index.php?rest_route=\/wp\/v2\/users\/2"}],"replies":[{"embeddable":true,"href":"http:\/\/elobservatorio.com.mx\/index.php?rest_route=%2Fwp%2Fv2%2Fcomments&post=28107"}],"version-history":[{"count":0,"href":"http:\/\/elobservatorio.com.mx\/index.php?rest_route=\/wp\/v2\/posts\/28107\/revisions"}],"wp:featuredmedia":[{"embeddable":true,"href":"http:\/\/elobservatorio.com.mx\/index.php?rest_route=\/wp\/v2\/media\/28108"}],"wp:attachment":[{"href":"http:\/\/elobservatorio.com.mx\/index.php?rest_route=%2Fwp%2Fv2%2Fmedia&parent=28107"}],"wp:term":[{"taxonomy":"category","embeddable":true,"href":"http:\/\/elobservatorio.com.mx\/index.php?rest_route=%2Fwp%2Fv2%2Fcategories&post=28107"},{"taxonomy":"post_tag","embeddable":true,"href":"http:\/\/elobservatorio.com.mx\/index.php?rest_route=%2Fwp%2Fv2%2Ftags&post=28107"}],"curies":[{"name":"wp","href":"https:\/\/api.w.org\/{rel}","templated":true}]}}