{"id":28110,"date":"2023-08-22T20:00:05","date_gmt":"2023-08-23T02:00:05","guid":{"rendered":"http:\/\/elobservatorio.com.mx\/?p=28110"},"modified":"2023-08-22T20:00:05","modified_gmt":"2023-08-23T02:00:05","slug":"reabren-parcialmente-la-calle-prolongacion-hidalgo-donde-se-construye-colector-pluvial","status":"publish","type":"post","link":"http:\/\/elobservatorio.com.mx\/?p=28110","title":{"rendered":"Reabren parcialmente la calle Prolongaci\u00f3n Hidalgo, donde se construye colector pluvial"},"content":{"rendered":"<p><em>*Obra presenta avance del 98%, ser\u00e1 concluida en pr\u00f3ximos d\u00edas: Tey Guti\u00e9rrez<\/em><\/p>\n<p>Villa de \u00c1lvarez, Col.- Cuando presenta ya un avance del 98 por ciento la obra de construcci\u00f3n del colector pluvial en la calle Prolongaci\u00f3n Hidalgo, la Presidenta de Villa de \u00c1lvarez, Tey Guti\u00e9rrez Andrade, inform\u00f3 la reapertura parcial de la circulaci\u00f3n vehicular en carriles centrales y laterales de esa vialidad.<\/p>\n<p>Durante la d\u00e9cimo primer visita de inspecci\u00f3n a los trabajos por esa obra, la Alcaldesa anunci\u00f3 a vecinas y vecinos de las colonias aleda\u00f1as y al Comit\u00e9 de Participaci\u00f3n Social, la reapertura de la circulaci\u00f3n vehicular del carril central derecho de Prolongaci\u00f3n Hidalgo, de la calle Palatino a la calle Mosc\u00fa, y desde la calle Bah\u00eda de Santiago la liberaci\u00f3n de ambos carriles laterales.<\/p>\n<p>Acompa\u00f1ada por funcionarias y funcionarios p\u00fablicos, Guti\u00e9rrez Andrade se\u00f1al\u00f3 que la construcci\u00f3n del colector pluvial en la Calle Prolongaci\u00f3n Hidalgo, al norte de la Ciudad de Villa de \u00c1lvarez, era una obra exigida por vecinos, comerciantes y personas que de manera recurrente circulan por esa importante vialidad.<\/p>\n<p>\u201cEst\u00e1 por concluir la obra que presenta ya un avance del 98 por ciento, por lo que en unos d\u00edas m\u00e1s ser\u00e1 culminada y entregada a las vecinas y vecinos\u201d, les coment\u00f3.<\/p>\n<p>Integrantes del Consejo de Participaci\u00f3n Social y del Comit\u00e9 de Barrio de Real de la colonia Can\u00e1, dijeron sentirse muy contentos por la reapertura de la vialidad y por la obra, pues ser\u00e1 de mucho beneficio para las y a los villalvarenses, pues en esa zona de la Ciudad se registran cada a\u00f1o inundaciones durante la temporada de lluvias<\/p>\n<p>En su intervenci\u00f3n, Alfredo Ch\u00e1vez Gonz\u00e1lez, Secretario del Ayuntamiento, reiter\u00f3 que esta obra, incluida en las 241 Metas Estrat\u00e9gicas del Programa de Gobierno del A\u00f1o 2023, resolver\u00e1 problemas de inundaciones a los habitantes de la zona y a quienes aqu\u00ed transitan en esa importante vialidad, que son quienes han padecido los temporales de lluvias, por las grandes cantidades de agua que provienen de la zona norte del municipio.<\/p>\n","protected":false},"excerpt":{"rendered":"<p>*Obra presenta avance del 98%, ser\u00e1 concluida en pr\u00f3ximos d\u00edas: Tey Guti\u00e9rrez Villa de \u00c1lvarez, Col.- Cuando presenta ya un avance del 98 por ciento la obra de construcci\u00f3n del colector pluvial en la calle Prolongaci\u00f3n Hidalgo, la Presidenta de Villa de \u00c1lvarez, Tey Guti\u00e9rrez Andrade, inform\u00f3 la reapertura parcial de la circulaci\u00f3n vehicular en&#8230;<\/p>\n","protected":false},"author":2,"featured_media":28111,"comment_status":"open","ping_status":"open","sticky":false,"template":"","format":"standard","meta":{"footnotes":""},"categories":[8,42],"tags":[29,30,28],"class_list":["post-28110","post","type-post","status-publish","format-standard","has-post-thumbnail","hentry","category-municipios","category-villa-de-alvarez","tag-grid","tag-news","tag-slider"],"_links":{"self":[{"href":"http:\/\/elobservatorio.com.mx\/index.php?rest_route=\/wp\/v2\/posts\/28110"}],"collection":[{"href":"http:\/\/elobservatorio.com.mx\/index.php?rest_route=\/wp\/v2\/posts"}],"about":[{"href":"http:\/\/elobservatorio.com.mx\/index.php?rest_route=\/wp\/v2\/types\/post"}],"author":[{"embeddable":true,"href":"http:\/\/elobservatorio.com.mx\/index.php?rest_route=\/wp\/v2\/users\/2"}],"replies":[{"embeddable":true,"href":"http:\/\/elobservatorio.com.mx\/index.php?rest_route=%2Fwp%2Fv2%2Fcomments&post=28110"}],"version-history":[{"count":0,"href":"http:\/\/elobservatorio.com.mx\/index.php?rest_route=\/wp\/v2\/posts\/28110\/revisions"}],"wp:featuredmedia":[{"embeddable":true,"href":"http:\/\/elobservatorio.com.mx\/index.php?rest_route=\/wp\/v2\/media\/28111"}],"wp:attachment":[{"href":"http:\/\/elobservatorio.com.mx\/index.php?rest_route=%2Fwp%2Fv2%2Fmedia&parent=28110"}],"wp:term":[{"taxonomy":"category","embeddable":true,"href":"http:\/\/elobservatorio.com.mx\/index.php?rest_route=%2Fwp%2Fv2%2Fcategories&post=28110"},{"taxonomy":"post_tag","embeddable":true,"href":"http:\/\/elobservatorio.com.mx\/index.php?rest_route=%2Fwp%2Fv2%2Ftags&post=28110"}],"curies":[{"name":"wp","href":"https:\/\/api.w.org\/{rel}","templated":true}]}}