{"id":28113,"date":"2023-08-23T13:47:03","date_gmt":"2023-08-23T19:47:03","guid":{"rendered":"http:\/\/elobservatorio.com.mx\/?p=28113"},"modified":"2023-08-23T13:47:03","modified_gmt":"2023-08-23T19:47:03","slug":"entrega-tey-en-villa-izcalli-y-villas-bugambilias-los-primeros-jardines-rehabilitados-e-iluminados","status":"publish","type":"post","link":"http:\/\/elobservatorio.com.mx\/?p=28113","title":{"rendered":"Entrega Tey en Villa Izcalli y Villas Bugambilias los primeros jardines rehabilitados e iluminados"},"content":{"rendered":"<p><em>*Forman parte del programa \u201cMantenimiento y remodelaci\u00f3n de 50 parques, jardines y \u00e1reas verdes\u201d, dentro de la Estrategia de Entornos Seguros<\/em><\/p>\n<p>Villa de \u00c1lvarez, Col.- El Gobierno Municipal que encabeza Tey Guti\u00e9rrez Andrade entreg\u00f3 rehabilitados y totalmente iluminados los jardines de las colonias Villa Izcalli y Villas de Bugambilias, los primeros dos del programa \u201cMantenimiento y remodelaci\u00f3n de 50 parques, jardines y \u00e1reas verdes\u201d<\/p>\n<p>En ambos espacios, la Alcaldesa se\u00f1al\u00f3 que un reto muy importante para la administraci\u00f3n municipal es iluminar la Villa, por eso, gracias a los ciudadanos cumplidos que pagan su predial, se instalar\u00e1n mil l\u00e1mparas para iluminar jardines, \u00e1reas verdes y espacios deportivos, de las 189 colonias y 12 comunidades rurales.<\/p>\n<p>\u201cPara que nuestros jardines y \u00e1reas verdes sean consideradas Entornos Seguros deben estar completamente iluminadas y podadas; es decir, en condiciones \u00f3ptimas para que sean utilizados en el rescate de ni\u00f1os, ni\u00f1as y juventudes, con el objetivo de que puedan tener un desarrollo integral\u201d, explic\u00f3.<\/p>\n<p>Indic\u00f3 que el siguiente paso es dotarlos con personal capacitado para llevar a cabo una Invasi\u00f3n Cultural y Deportiva y de esta manera los vecinos y vecinas se apropien de esos espacios para que las personas con conductas antisociales no se acerquen al jard\u00edn, \u201cporque ellos lo que buscan son espacios en penumbras y solos\u201d.<\/p>\n<p>\u201cDesde la Administraci\u00f3n Municipal seguimos trabajando para que Villa de \u00c1lvarez tenga rumbo. Lo dijimos, lo firmamos y lo cumplimos al hacer entrega de estos jardines bien iluminados\u201d, agreg\u00f3.<\/p>\n<p>En su intervenci\u00f3n, Sinuh\u00e9 Lino V\u00e1zquez, director de alumbrado p\u00fablico del municipio, detall\u00f3 que en el jard\u00edn de Villa Izcalli se repusieron 18 postes, se instalaron luminarias LED de 100 watts y se repuso el cableado que hac\u00eda falta; mientras en las canchas se instalaron tres reflectores, dos de 400 Watts y uno de 200 Watts.<\/p>\n<p>En Villas de Bugambilias se repararon siete luminarias que se encontraban apagadas, en cuatro se ellas se repuso el cableado y en las 3 restantes se hizo el cambio de la l\u00e1mpara \u00fanicamente.<\/p>\n<p>Por su parte, Alfredo Ch\u00e1vez Gonz\u00e1lez, Secretario General del Ayuntamiento, manifest\u00f3 que ante las condiciones de seguridad que se viven actualmente en todo el pa\u00eds, el Gobierno Municipal aplica una pol\u00edtica central de construcci\u00f3n de entornos seguros en vialidades, jardines, \u00e1reas verdes y espacios deportivos, y es ah\u00ed donde la administraci\u00f3n est\u00e1 enfocando todos los esfuerzos.<\/p>\n<p>\u201cEl compromiso con estos espacios de convivencia familiar y vecinal, es que tengan condiciones de uso, que est\u00e9n limpios y que se aplique el mantenimiento apropiado, incluido el equipamiento y la iluminaci\u00f3n\u201d, concluy\u00f3.<\/p>\n","protected":false},"excerpt":{"rendered":"<p>*Forman parte del programa \u201cMantenimiento y remodelaci\u00f3n de 50 parques, jardines y \u00e1reas verdes\u201d, dentro de la Estrategia de Entornos Seguros Villa de \u00c1lvarez, Col.- El Gobierno Municipal que encabeza Tey Guti\u00e9rrez Andrade entreg\u00f3 rehabilitados y totalmente iluminados los jardines de las colonias Villa Izcalli y Villas de Bugambilias, los primeros dos del programa \u201cMantenimiento&#8230;<\/p>\n","protected":false},"author":2,"featured_media":28114,"comment_status":"open","ping_status":"open","sticky":false,"template":"","format":"standard","meta":{"footnotes":""},"categories":[8,42],"tags":[29,30,28],"class_list":["post-28113","post","type-post","status-publish","format-standard","has-post-thumbnail","hentry","category-municipios","category-villa-de-alvarez","tag-grid","tag-news","tag-slider"],"_links":{"self":[{"href":"http:\/\/elobservatorio.com.mx\/index.php?rest_route=\/wp\/v2\/posts\/28113"}],"collection":[{"href":"http:\/\/elobservatorio.com.mx\/index.php?rest_route=\/wp\/v2\/posts"}],"about":[{"href":"http:\/\/elobservatorio.com.mx\/index.php?rest_route=\/wp\/v2\/types\/post"}],"author":[{"embeddable":true,"href":"http:\/\/elobservatorio.com.mx\/index.php?rest_route=\/wp\/v2\/users\/2"}],"replies":[{"embeddable":true,"href":"http:\/\/elobservatorio.com.mx\/index.php?rest_route=%2Fwp%2Fv2%2Fcomments&post=28113"}],"version-history":[{"count":0,"href":"http:\/\/elobservatorio.com.mx\/index.php?rest_route=\/wp\/v2\/posts\/28113\/revisions"}],"wp:featuredmedia":[{"embeddable":true,"href":"http:\/\/elobservatorio.com.mx\/index.php?rest_route=\/wp\/v2\/media\/28114"}],"wp:attachment":[{"href":"http:\/\/elobservatorio.com.mx\/index.php?rest_route=%2Fwp%2Fv2%2Fmedia&parent=28113"}],"wp:term":[{"taxonomy":"category","embeddable":true,"href":"http:\/\/elobservatorio.com.mx\/index.php?rest_route=%2Fwp%2Fv2%2Fcategories&post=28113"},{"taxonomy":"post_tag","embeddable":true,"href":"http:\/\/elobservatorio.com.mx\/index.php?rest_route=%2Fwp%2Fv2%2Ftags&post=28113"}],"curies":[{"name":"wp","href":"https:\/\/api.w.org\/{rel}","templated":true}]}}