{"id":28116,"date":"2023-08-23T14:04:18","date_gmt":"2023-08-23T20:04:18","guid":{"rendered":"http:\/\/elobservatorio.com.mx\/?p=28116"},"modified":"2023-08-23T14:04:18","modified_gmt":"2023-08-23T20:04:18","slug":"ordena-el-ine-a-sheinbaum-eliminar-pintas-a-su-favor-en-bardas","status":"publish","type":"post","link":"http:\/\/elobservatorio.com.mx\/?p=28116","title":{"rendered":"Ordena el INE a Sheinbaum eliminar pintas a su favor en bardas"},"content":{"rendered":"<p><em>*Sin embargo la aspirante presidencial se resiste y asegur\u00f3 que impugnar\u00e1 la resoluci\u00f3n<\/em><\/p>\n<p>La Comisi\u00f3n de Quejas y Denuncias del Instituto Nacional Electoral (INE) orden\u00f3 a la aspirante a la coordinaci\u00f3n de la Defensa de la Cuarta Transformaci\u00f3n, Claudia Sheinbaum, borrar las pintas a su favor que fueron colocadas en bardas.<\/p>\n<p>A trav\u00e9s de su cuenta de Twitter, Sheinbaum precis\u00f3 que fue notificada sobre el acuerdo ACQyD-INE-162\/2023 donde se le pide acatar la resoluci\u00f3n, misma que asegur\u00f3 impugnar\u00e1.<\/p>\n<p>La exjefa de Gobierno de la Ciudad de M\u00e9xico dijo no compartir la resoluci\u00f3n del Instituto Electoral sobre las bardas que se han pintado con propaganda a su favor en distintos puntos.<\/p>\n<p>\u201c<em>En acatamiento a lo ordenado en dicha resoluci\u00f3n, la cual impugnar\u00e9 porque no la comparto, hago un llamado respetuoso a mis simpatizantes para que nos ayuden a eliminar las pintas de esas bardas en los siguientes dos d\u00edas<\/em>\u201d, escribi\u00f3 en sus redes sociales.<\/p>\n<blockquote class=\"twitter-tweet\" data-width=\"550\" data-dnt=\"true\">\n<p lang=\"es\" dir=\"ltr\">Buenos d\u00edas. Me notificaron el acuerdo ACQyD-INE-162\/2023 de la Comisi\u00f3n de Quejas y Denuncias del INE para retirar pintas en algunos puntos espec\u00edficos. En acatamiento a lo ordenado en dicha resoluci\u00f3n, la cual impugnar\u00e9 porque no la comparto, hago un llamado respetuoso a mis\u2026<\/p>\n<p>&mdash; Claudia Sheinbaum Pardo (@Claudiashein) <a href=\"https:\/\/twitter.com\/Claudiashein\/status\/1694361896697417973?ref_src=twsrc%5Etfw\" target=\"_blank\" rel=\"noopener\">August 23, 2023<\/a><\/p><\/blockquote>\n<p><script async src=\"https:\/\/platform.twitter.com\/widgets.js\" charset=\"utf-8\"><\/script><\/p>\n<p>La instrucci\u00f3n deriv\u00f3 de la denuncia que interpuso el PRD por supuesta promoci\u00f3n personalizada, uso indebido de recursos p\u00fablico y colocaci\u00f3n de propaganda electoral en edificios p\u00fablicos.<\/p>\n<p>El partido denunci\u00f3 43 bardas al exterior de locales ocupados por poderes p\u00fablicos y en mobiliario p\u00fablicos de la capital, donde se colocaron mensajes como \u201c#EsClaudia\u201d, \u201cPara que siga la transformaci\u00f3n\u201d y \u201cEn la encuesta #EsClaudia la respuesta\u201d.<\/p>\n<p>\u201c<em>Se ordena a Claudia Sheinbaum Pardo y a Morena (\u2026) que de inmediata, en un plazo que no podr\u00e1 exceder de dos d\u00edas, realice las acciones, tr\u00e1mites y gestiones necesarias para eliminar las pintas de barda de m\u00e9rito<\/em>\u201d, indic\u00f3 la Comisi\u00f3n del INE.<\/p>\n<p>Eso al considerar que la pinta de bardas puede afectar la equidad de la contienda en el proceso electoral entrante.<\/p>\n<p><em>Con informaci\u00f3n de Noticiasenlamira.com\u00a0<\/em><\/p>\n","protected":false},"excerpt":{"rendered":"<p>*Sin embargo la aspirante presidencial se resiste y asegur\u00f3 que impugnar\u00e1 la resoluci\u00f3n La Comisi\u00f3n de Quejas y Denuncias del Instituto Nacional Electoral (INE) orden\u00f3 a la aspirante a la coordinaci\u00f3n de la Defensa de la Cuarta Transformaci\u00f3n, Claudia Sheinbaum, borrar las pintas a su favor que fueron colocadas en bardas. A trav\u00e9s de su&#8230;<\/p>\n","protected":false},"author":2,"featured_media":28117,"comment_status":"open","ping_status":"open","sticky":false,"template":"","format":"standard","meta":{"footnotes":""},"categories":[10],"tags":[29,30,28],"class_list":["post-28116","post","type-post","status-publish","format-standard","has-post-thumbnail","hentry","category-politica","tag-grid","tag-news","tag-slider"],"_links":{"self":[{"href":"http:\/\/elobservatorio.com.mx\/index.php?rest_route=\/wp\/v2\/posts\/28116"}],"collection":[{"href":"http:\/\/elobservatorio.com.mx\/index.php?rest_route=\/wp\/v2\/posts"}],"about":[{"href":"http:\/\/elobservatorio.com.mx\/index.php?rest_route=\/wp\/v2\/types\/post"}],"author":[{"embeddable":true,"href":"http:\/\/elobservatorio.com.mx\/index.php?rest_route=\/wp\/v2\/users\/2"}],"replies":[{"embeddable":true,"href":"http:\/\/elobservatorio.com.mx\/index.php?rest_route=%2Fwp%2Fv2%2Fcomments&post=28116"}],"version-history":[{"count":0,"href":"http:\/\/elobservatorio.com.mx\/index.php?rest_route=\/wp\/v2\/posts\/28116\/revisions"}],"wp:featuredmedia":[{"embeddable":true,"href":"http:\/\/elobservatorio.com.mx\/index.php?rest_route=\/wp\/v2\/media\/28117"}],"wp:attachment":[{"href":"http:\/\/elobservatorio.com.mx\/index.php?rest_route=%2Fwp%2Fv2%2Fmedia&parent=28116"}],"wp:term":[{"taxonomy":"category","embeddable":true,"href":"http:\/\/elobservatorio.com.mx\/index.php?rest_route=%2Fwp%2Fv2%2Fcategories&post=28116"},{"taxonomy":"post_tag","embeddable":true,"href":"http:\/\/elobservatorio.com.mx\/index.php?rest_route=%2Fwp%2Fv2%2Ftags&post=28116"}],"curies":[{"name":"wp","href":"https:\/\/api.w.org\/{rel}","templated":true}]}}