{"id":28215,"date":"2023-09-05T14:21:05","date_gmt":"2023-09-05T20:21:05","guid":{"rendered":"http:\/\/elobservatorio.com.mx\/?p=28215"},"modified":"2023-09-05T14:21:05","modified_gmt":"2023-09-05T20:21:05","slug":"tras-20-anos-de-olvido-juluapan-tendra-alumbrado-publico-moderno-y-de-calidad","status":"publish","type":"post","link":"http:\/\/elobservatorio.com.mx\/?p=28215","title":{"rendered":"Tras 20 a\u00f1os de olvido, Juluapan tendr\u00e1 alumbrado p\u00fablico moderno y de calidad"},"content":{"rendered":"<p>*En Villa de \u00c1lvarez, todas las comunidades rurales tendr\u00e1n luminarias LED: Tey Guti\u00e9rrez<\/p>\n<p>Villa de \u00c1lvarez, Col.- El Gobierno Municipal de Villa de \u00c1lvarez rehabilitar\u00e1 la red de alumbrado p\u00fablico de las 12 comunidades rurales del municipio, por lo que este 2023 en localidades como Juluapan ser\u00e1 atendida su necesidad de mejora a ese servicio, solicitada por m\u00e1s de 20 a\u00f1os.<\/p>\n<p>La Presidenta Tey Guti\u00e9rrez Andrade manifest\u00f3 que a trav\u00e9s del programa La Villa se Ilumina, se modernizar\u00e1 el sistema de alumbrado p\u00fablico de toda la zona rural, en la que ser\u00e1n instaladas 517 luminarias de luz LED de \u00faltima generaci\u00f3n, cuyo proveedor ofrece una garant\u00eda de diez a\u00f1os de funcionamiento.<\/p>\n<p>Tey Guti\u00e9rrez manifest\u00f3 que el proyecto va de la mano con la estrategia de Entornos Seguros, la cual contempla que quienes viven en las comunidades tambi\u00e9n se sientan seguros al transitar por calles bien iluminadas y no dar oportunidad para que se cometan actos il\u00edcitos por la deficiente iluminaci\u00f3n que brindan las l\u00e1mparas de vapor de sodio.<\/p>\n<p>\u201cRegularmente las comunidades estaban abandonadas por los gobiernos municipales, porque consideraban que son zonas donde vive poca gente, por eso mejor direccionaban los beneficios a la zona urbana, pero en nuestro gobierno s\u00ed son importantes y prioritarias las comunidades, queremos que todas las vecinas y vecinos de las localidades se sientan atendidos y valorados, se\u00f1al\u00f3.<\/p>\n<p>Por su parte, Karina Larios Serratos, Comisaria de Juluapan, se dijo contenta de que se les tomara en cuenta para este cambio en la iluminaci\u00f3n, ya que, asegur\u00f3, su comunidad se encontraba en el olvido desde hace m\u00e1s de 20 a\u00f1os.<\/p>\n<p>\u201cEn mi comunidad estamos muy agradecidos con la presidenta Tey, porque nos van a colocar 111 luminarias. Tenemos entre 20 y 22 a\u00f1os que no se ha hecho nada en las luminarias de Juluapan ni ha habido cambios para mejorar este servicio\u201d, detall\u00f3.<\/p>\n<p>En su oportunidad, Erika Due\u00f1as Rol\u00f3n, Comisaria de Pueblo Nuevo, manifest\u00f3 que en su localidad se colocar\u00e1n 56 luminarias LED, mismas que ser\u00e1n distribuidas en todo el territorio para que haya una buena iluminaci\u00f3n en todas las calles.<\/p>\n<p>\u201cAhora todas las comunidades van a quedar muy iluminadas. S\u00ed hac\u00eda falta que nos apoyaran con mejores luminarias por las inseguridad que hay en todos lados. Agradezco a la Presidenta que nos est\u00e1 apoyando y a su equipo de trabajo que nos est\u00e1n visitando a cada rato. Cada que les pedimos apoyo para algo, ah\u00ed est\u00e1n para atendernos\u201d, expres\u00f3.<\/p>\n<p>Finalmente, Ra\u00fal Rinc\u00f3n Elizondo, Comisario del Nuevo Naranjal, detall\u00f3 que en su comunidad se colocar\u00e1n 24 luminarias LED y 6 postes m\u00e1s, lo cual vendr\u00e1 a dar mayor seguridad a los habitantes, pues \u201cnosotros tenemos como 12 a\u00f1os sin cambios en luminarias, las l\u00e1mparas que hay dan la luz amarilla y ni iluminan\u201d.<\/p>\n","protected":false},"excerpt":{"rendered":"<p>*En Villa de \u00c1lvarez, todas las comunidades rurales tendr\u00e1n luminarias LED: Tey Guti\u00e9rrez Villa de \u00c1lvarez, Col.- El Gobierno Municipal de Villa de \u00c1lvarez rehabilitar\u00e1 la red de alumbrado p\u00fablico de las 12 comunidades rurales del municipio, por lo que este 2023 en localidades como Juluapan ser\u00e1 atendida su necesidad de mejora a ese servicio,&#8230;<\/p>\n","protected":false},"author":2,"featured_media":28216,"comment_status":"open","ping_status":"open","sticky":false,"template":"","format":"standard","meta":{"footnotes":""},"categories":[8,42],"tags":[29,30,28],"class_list":["post-28215","post","type-post","status-publish","format-standard","has-post-thumbnail","hentry","category-municipios","category-villa-de-alvarez","tag-grid","tag-news","tag-slider"],"_links":{"self":[{"href":"http:\/\/elobservatorio.com.mx\/index.php?rest_route=\/wp\/v2\/posts\/28215"}],"collection":[{"href":"http:\/\/elobservatorio.com.mx\/index.php?rest_route=\/wp\/v2\/posts"}],"about":[{"href":"http:\/\/elobservatorio.com.mx\/index.php?rest_route=\/wp\/v2\/types\/post"}],"author":[{"embeddable":true,"href":"http:\/\/elobservatorio.com.mx\/index.php?rest_route=\/wp\/v2\/users\/2"}],"replies":[{"embeddable":true,"href":"http:\/\/elobservatorio.com.mx\/index.php?rest_route=%2Fwp%2Fv2%2Fcomments&post=28215"}],"version-history":[{"count":0,"href":"http:\/\/elobservatorio.com.mx\/index.php?rest_route=\/wp\/v2\/posts\/28215\/revisions"}],"wp:featuredmedia":[{"embeddable":true,"href":"http:\/\/elobservatorio.com.mx\/index.php?rest_route=\/wp\/v2\/media\/28216"}],"wp:attachment":[{"href":"http:\/\/elobservatorio.com.mx\/index.php?rest_route=%2Fwp%2Fv2%2Fmedia&parent=28215"}],"wp:term":[{"taxonomy":"category","embeddable":true,"href":"http:\/\/elobservatorio.com.mx\/index.php?rest_route=%2Fwp%2Fv2%2Fcategories&post=28215"},{"taxonomy":"post_tag","embeddable":true,"href":"http:\/\/elobservatorio.com.mx\/index.php?rest_route=%2Fwp%2Fv2%2Ftags&post=28215"}],"curies":[{"name":"wp","href":"https:\/\/api.w.org\/{rel}","templated":true}]}}