{"id":28218,"date":"2023-09-06T12:20:11","date_gmt":"2023-09-06T18:20:11","guid":{"rendered":"http:\/\/elobservatorio.com.mx\/?p=28218"},"modified":"2023-09-06T12:20:11","modified_gmt":"2023-09-06T18:20:11","slug":"margarita-moreno-inaugura-coleccion-de-arte-colimense-xolos-del-recuerdo","status":"publish","type":"post","link":"http:\/\/elobservatorio.com.mx\/?p=28218","title":{"rendered":"Margarita Moreno inaugura Colecci\u00f3n de Arte Colimense \u201cXolos del recuerdo\u201d\u00a0"},"content":{"rendered":"<div dir=\"auto\"><em>*Agradeci\u00f3 el respaldo de Jard\u00edn Sendero Funeral por fomentar el talento art\u00edstico de la capital del estado.<\/em><\/div>\n<div dir=\"auto\"><\/div>\n<div dir=\"auto\">La presidenta municipal de Colima, Margarita Moreno, particip\u00f3 en la presentaci\u00f3n de la Colecci\u00f3n de Arte Colimense \u201cXolos del Recuerdo\u201d, en la casa del Archivo, donde participaron 22 artistas y se dio una muestra del talento de artistas locales.<\/div>\n<div dir=\"auto\"><\/div>\n<div dir=\"auto\">\u201cQuiero agradecer a Sendero Jard\u00edn Funeral, porque ning\u00fan gobierno puede ni podr\u00e1 nunca solo. Por eso agradezco a Javi por trabajar de la mano para construir el Colima que queremos. Porque estamos convencidos que la cultura es una herramienta de paz y que tenemos que regenerar el tejido social a trav\u00e9s del arte y el deporte\u00bb, manifest\u00f3.<\/div>\n<div dir=\"auto\"><\/div>\n<div dir=\"auto\">Margarita Moreno afirm\u00f3 que estas obras acreditan el talento de las y los artistas de Colima, especialmente quienes intervinieron en esta muestra memorable Perro Colimote, d\u00e1ndole vida a una gran colecci\u00f3n que rinde homenaje a los ic\u00f3nicos \u201cXolos\u201d, inmortalizando su legado a trav\u00e9s de expresiones art\u00edsticas cautivadoras.<\/div>\n<div dir=\"auto\"><\/div>\n<div dir=\"auto\">\u201cNo se puede sembrar la paz con violencia. Por eso las y los invito para trabajar en equipo y poner mucho amor para construir ese Colima que queremos. Y queremos darle ese espacio a las y los artistas para que expresen su talento y arte\u00bb, afirm\u00f3.<\/div>\n<div dir=\"auto\"><\/div>\n<div dir=\"auto\">Por su parte, Patricia S\u00e1nchez Espinosa, directora del Archivo Hist\u00f3rico del Municipio de Colima, precis\u00f3 que se trata de una colecci\u00f3n de 23 perros Xoloitzcuintle convertidos en alebrijes, que son una obra arte en s\u00ed misma y que representan la esencia de nuestras tradiciones. Agreg\u00f3 que esta exposici\u00f3n cobra una mayor relevancia en el marco del 500 aniversario de la fundaci\u00f3n de la Villa de Colima, por lo cual estar\u00e1 exhibida del 4 al 13 de Septiembre en la explanada de la Casa del Archivo.<\/div>\n<div dir=\"auto\"><\/div>\n<div dir=\"auto\">Margarita Moreno felicit\u00f3 a la ganadora de \u201cXolos del Recuerdo\u201d, Dana Dalila Rodr\u00edguez Flores, estudiante de la Licenciatura de Dise\u00f1o Gr\u00e1fico en la Universidad de Colima y cuya obra titul\u00f3 Tlali.<\/div>\n<div dir=\"auto\"><\/div>\n<div dir=\"auto\">En su intervenci\u00f3n, la ganadora refiri\u00f3 el proceso art\u00edstico para la elaboraci\u00f3n de su obra, en la que explic\u00f3 que para la alteraci\u00f3n del Xolo utiliz\u00f3 moldeable y yeso para darle un acabado uniforme, y luego emple\u00f3 acr\u00edlico y el puntillismo, inspir\u00e1ndose en la naturaleza para transmitir esa paz, tranquilidad y magia.<\/div>\n<div dir=\"auto\"><\/div>\n<div dir=\"auto\">A su vez, Luis Javier Siordia Alcaraz, director General de Sendero Jard\u00edn Funeral, reconoci\u00f3 el talento art\u00edstico local con este homenaje al perro colimote convertidos en alebrije, y agredeci\u00f3 a la presidenta Margarita Moreno por trabajar de la mano con la iniciativa privada en el fomento art\u00edstico y siempre mantener las puertas abiertas de la Casa del Archivo para las y los artistas. Durante el evento la presidenta Margarita Moreno entreg\u00f3 reconocimientos a cada uno de los artistas que participaron en esta exposici\u00f3n.<\/div>\n","protected":false},"excerpt":{"rendered":"<p>*Agradeci\u00f3 el respaldo de Jard\u00edn Sendero Funeral por fomentar el talento art\u00edstico de la capital del estado. La presidenta municipal de Colima, Margarita Moreno, particip\u00f3 en la presentaci\u00f3n de la Colecci\u00f3n de Arte Colimense \u201cXolos del Recuerdo\u201d, en la casa del Archivo, donde participaron 22 artistas y se dio una muestra del talento de artistas&#8230;<\/p>\n","protected":false},"author":2,"featured_media":28219,"comment_status":"open","ping_status":"open","sticky":false,"template":"","format":"standard","meta":{"footnotes":""},"categories":[36,8],"tags":[29,30,28],"class_list":["post-28218","post","type-post","status-publish","format-standard","has-post-thumbnail","hentry","category-colima","category-municipios","tag-grid","tag-news","tag-slider"],"_links":{"self":[{"href":"http:\/\/elobservatorio.com.mx\/index.php?rest_route=\/wp\/v2\/posts\/28218"}],"collection":[{"href":"http:\/\/elobservatorio.com.mx\/index.php?rest_route=\/wp\/v2\/posts"}],"about":[{"href":"http:\/\/elobservatorio.com.mx\/index.php?rest_route=\/wp\/v2\/types\/post"}],"author":[{"embeddable":true,"href":"http:\/\/elobservatorio.com.mx\/index.php?rest_route=\/wp\/v2\/users\/2"}],"replies":[{"embeddable":true,"href":"http:\/\/elobservatorio.com.mx\/index.php?rest_route=%2Fwp%2Fv2%2Fcomments&post=28218"}],"version-history":[{"count":0,"href":"http:\/\/elobservatorio.com.mx\/index.php?rest_route=\/wp\/v2\/posts\/28218\/revisions"}],"wp:featuredmedia":[{"embeddable":true,"href":"http:\/\/elobservatorio.com.mx\/index.php?rest_route=\/wp\/v2\/media\/28219"}],"wp:attachment":[{"href":"http:\/\/elobservatorio.com.mx\/index.php?rest_route=%2Fwp%2Fv2%2Fmedia&parent=28218"}],"wp:term":[{"taxonomy":"category","embeddable":true,"href":"http:\/\/elobservatorio.com.mx\/index.php?rest_route=%2Fwp%2Fv2%2Fcategories&post=28218"},{"taxonomy":"post_tag","embeddable":true,"href":"http:\/\/elobservatorio.com.mx\/index.php?rest_route=%2Fwp%2Fv2%2Ftags&post=28218"}],"curies":[{"name":"wp","href":"https:\/\/api.w.org\/{rel}","templated":true}]}}