{"id":28258,"date":"2023-09-11T20:38:14","date_gmt":"2023-09-12T02:38:14","guid":{"rendered":"http:\/\/elobservatorio.com.mx\/?p=28258"},"modified":"2023-09-11T20:38:14","modified_gmt":"2023-09-12T02:38:14","slug":"festival-del-mariachi-y-la-villa-se-me-antoja-dejarian-derrama-superior-a-los-5-millones","status":"publish","type":"post","link":"http:\/\/elobservatorio.com.mx\/?p=28258","title":{"rendered":"Festival del Mariachi y La Villa se me Antoja dejar\u00edan derrama superior a los $5 millones"},"content":{"rendered":"<p><em>*Promociona Tey Guti\u00e9rrez en Ciudad Guzm\u00e1n ambas actividades<\/em><\/p>\n<p>Ciudad Guzm\u00e1n, Jal.- El Primer Festival del Mariachi en Villa de \u00c1lvarez y la Quinta Feria Gastron\u00f3mica La Villa se me Antoja, podr\u00edan dejar una derrama econ\u00f3mica de 5 a 7 millones de pesos, esto durante los cuatro d\u00edas de festividad que se desarrollar\u00e1n en el Jard\u00edn Principal (Jard\u00edn Independencia).<\/p>\n<p>En conferencia de prensa celebrada en la cabecera municipal de Zapotl\u00e1n el Grande, Jalisco, donde la Alcaldesa Tey Guti\u00e9rrez Andrade promocion\u00f3 los eventos que se realizar\u00e1n en Villa de \u00c1lvarez del 14 al 17 de septiembre, se inform\u00f3 que la expectativa generada para esas actividades es muy grande, por lo que se espera una gran asistencia de personas.<\/p>\n<p>Tey Guti\u00e9rrez, acompa\u00f1ada por Omar Ortega, Director de Fomento Econ\u00f3mico del Ayuntamiento de Zapotl\u00e1n el Grande, present\u00f3 el programa general del Primer Festival del Mariachi y la Quinta Feria Gastron\u00f3mica La Villa se me Antoja, evento en el que participar\u00e1n 12 mariachis.<\/p>\n<p>La Alcaldesa se\u00f1al\u00f3 que el Festival ser\u00e1 familiar, incluyente, pues se contar\u00e1 con sillas de ruedas para la gente que las requiera, y habr\u00e1 estacionamientos gratuitos.<\/p>\n<p>El jueves 14 de septiembre la primer actividad ser\u00e1 a las 12:00 del d\u00eda, con un evento conmemorativo del \u201cD\u00eda del Charro\u201d, en el Sal\u00f3n Verde de la Presidencia Municipal; a las 5 de la tarde ser\u00e1 inaugurada la \u201cFeria La Villa se me Antoja\u201d, en el Foro Independencia; a las 6 de la tarde se develar\u00e1n las letras de \u201cIdentidad Tur\u00edstica \u2018Villa de \u00c1lvarez\u2019\u201d, a un costado del frente de la Iglesia; a las 6:30 se inaugurar\u00e1 la Exposici\u00f3n Itinerante del Museo Silvestre Vargas, de Tecalitl\u00e1n, en el kiosco del Jard\u00edn Principal; a las 7 se tendr\u00e1 La hora del Pueblo, con la degustaci\u00f3n de mezcal, tuxca, tequila y ron de producci\u00f3n local, en el Foro Mezcal.<\/p>\n<p>La inauguraci\u00f3n del \u201cFestival del Mariachi\u201d ser\u00e1 a las 7:30 de la noche en el Foro Independencia, para enseguida, a las 8 de la noche, presentarse el Mariachi \u201cTonitl\u00e1n\u201d, de Humberto Gazpar, en el Foro Independencia y concluir a la media noche, previa presentaci\u00f3n de dos mariachis m\u00e1s y de los int\u00e9rpretes Jonathan Gabriel Rodr\u00edguez y Ruby Estephan\u00eda.<\/p>\n<p>Adem\u00e1s de la presencia de los doce mariachis, Tey Guti\u00e9rrez destac\u00f3 la participaci\u00f3n de Ruby Estephan\u00eda, influencer villalvarense y cantante de m\u00fasica regional mexicana, y la presentaci\u00f3n estelar del Mariachi Gama Mil, con la que cerrar\u00e1 el Festival del Mariachi y la Feria Gastron\u00f3mica La Villa se me Antoja.<\/p>\n<p>En la conferencia de prensa, Ortega Palafox, representante del Alcalde zapotlense Alejandro Barrag\u00e1n, destac\u00f3 que entre Zapotl\u00e1n el Grande y Villa de \u00c1lvarez hay importantes lazos de amistad, los cuales se han estrechado durante el ejercicio de las administraciones municipales de ambas demarcaciones.<\/p>\n<p>Habl\u00f3 de la posibilidad de realizar un hermanamiento entre Zapotl\u00e1n el Grande y Villa de \u00c1lvarez, pero que sea m\u00e1s all\u00e1 del papel y permita colaboraciones conjuntas que dejen beneficio a las poblaciones de los dos municipios.<\/p>\n<p>A la Presidenta Tey Guti\u00e9rrez la acompa\u00f1aron Alfredo Ch\u00e1vez, Secretario del Ayuntamiento; C\u00e9sar Gait\u00e1n, Director del Instituto de Festejos Charrotaurinos y Exposiciones de Villa de \u00c1lvarez, Cindy Vaca, Directora de Turismo; Marcos G\u00f3mez, Director de Fomento Educativo y Cultural, y el empresario mezcalero Rodrigo Ram\u00edrez.<\/p>\n","protected":false},"excerpt":{"rendered":"<p>*Promociona Tey Guti\u00e9rrez en Ciudad Guzm\u00e1n ambas actividades Ciudad Guzm\u00e1n, Jal.- El Primer Festival del Mariachi en Villa de \u00c1lvarez y la Quinta Feria Gastron\u00f3mica La Villa se me Antoja, podr\u00edan dejar una derrama econ\u00f3mica de 5 a 7 millones de pesos, esto durante los cuatro d\u00edas de festividad que se desarrollar\u00e1n en el Jard\u00edn&#8230;<\/p>\n","protected":false},"author":2,"featured_media":28259,"comment_status":"open","ping_status":"open","sticky":false,"template":"","format":"standard","meta":{"footnotes":""},"categories":[8,42],"tags":[29,30,28],"class_list":["post-28258","post","type-post","status-publish","format-standard","has-post-thumbnail","hentry","category-municipios","category-villa-de-alvarez","tag-grid","tag-news","tag-slider"],"_links":{"self":[{"href":"http:\/\/elobservatorio.com.mx\/index.php?rest_route=\/wp\/v2\/posts\/28258"}],"collection":[{"href":"http:\/\/elobservatorio.com.mx\/index.php?rest_route=\/wp\/v2\/posts"}],"about":[{"href":"http:\/\/elobservatorio.com.mx\/index.php?rest_route=\/wp\/v2\/types\/post"}],"author":[{"embeddable":true,"href":"http:\/\/elobservatorio.com.mx\/index.php?rest_route=\/wp\/v2\/users\/2"}],"replies":[{"embeddable":true,"href":"http:\/\/elobservatorio.com.mx\/index.php?rest_route=%2Fwp%2Fv2%2Fcomments&post=28258"}],"version-history":[{"count":0,"href":"http:\/\/elobservatorio.com.mx\/index.php?rest_route=\/wp\/v2\/posts\/28258\/revisions"}],"wp:featuredmedia":[{"embeddable":true,"href":"http:\/\/elobservatorio.com.mx\/index.php?rest_route=\/wp\/v2\/media\/28259"}],"wp:attachment":[{"href":"http:\/\/elobservatorio.com.mx\/index.php?rest_route=%2Fwp%2Fv2%2Fmedia&parent=28258"}],"wp:term":[{"taxonomy":"category","embeddable":true,"href":"http:\/\/elobservatorio.com.mx\/index.php?rest_route=%2Fwp%2Fv2%2Fcategories&post=28258"},{"taxonomy":"post_tag","embeddable":true,"href":"http:\/\/elobservatorio.com.mx\/index.php?rest_route=%2Fwp%2Fv2%2Ftags&post=28258"}],"curies":[{"name":"wp","href":"https:\/\/api.w.org\/{rel}","templated":true}]}}