{"id":28315,"date":"2023-09-20T13:17:40","date_gmt":"2023-09-20T19:17:40","guid":{"rendered":"http:\/\/elobservatorio.com.mx\/?p=28315"},"modified":"2023-09-20T13:17:40","modified_gmt":"2023-09-20T19:17:40","slug":"promueve-villa-de-alvarez-capacitacion-para-micros-y-pequenos-empresarios","status":"publish","type":"post","link":"http:\/\/elobservatorio.com.mx\/?p=28315","title":{"rendered":"Promueve Villa de \u00c1lvarez capacitaci\u00f3n para micros y peque\u00f1os empresarios"},"content":{"rendered":"<p><em>*En coordinaci\u00f3n con el SAT, se llev\u00f3 a cabo el Taller de R\u00e9gimen Simplificado de Confianza (RESICO)<\/em><\/p>\n<p>Villa de \u00c1lvarez, Col.- El Ayuntamiento de Villa de \u00c1lvarez, a trav\u00e9s de la Direcci\u00f3n de Desarrollo Econ\u00f3mico y en coordinaci\u00f3n con el Servicio de Administraci\u00f3n Tributaria (SAT), llevaron a cabo el Taller de R\u00e9gimen Simplificado de Confianza (RESICO), dirigido a emprendedores, micros y peque\u00f1os empresarios que desarrollan actividades empresariales, de arrendamiento y prestaci\u00f3n de servicios profesionales.<\/p>\n<p>La Directora de Desarrollo Econ\u00f3mico del Ayuntamiento de Villa de \u00c1lvarez, Lidia \u00cd\u00f1iguez Ram\u00edrez, explic\u00f3 que en el taller impartido en la Sala de Cultura Digital de Casa de la Cultura, participaron 30 personas, quienes aprendieron a facturar y c\u00f3mo declarar ante el SAT sin necesidad de requerir de un contador.<\/p>\n<p>Coment\u00f3 que esta actividad fue solicitada al SAT por la dependencia a su cargo, enfocada a que los micro y peque\u00f1os empresarios villalvarenses conozcan a fondo de los compromisos fiscales existentes y que a trav\u00e9s del programa \u201cContabilidad para no Contadores\u201d, conozcan sus obligaciones fiscales, entre ellas sus declaraciones. Adem\u00e1s aprendieron la manera correcta de facturar y los errores comunes que se cometen, por ejemplo, no cancelar facturas cuando hay errores y se emite una nueva.<\/p>\n<p>\u00cd\u00f1iguez Ram\u00edrez puntualiz\u00f3 que se cumpli\u00f3 con el objetivo de dar la informaci\u00f3n de todo lo que comprende este r\u00e9gimen y lo que es facturaci\u00f3n.<\/p>\n<p>Por las dudas que surgieron durante el Taller, existe la posibilidad de generar otra actividad en donde se ampli\u00e9 la informaci\u00f3n, para que los interesados conozcan m\u00e1s sobre los gastos deducibles y cu\u00e1les no son aplicables para este r\u00e9gimen.<\/p>\n","protected":false},"excerpt":{"rendered":"<p>*En coordinaci\u00f3n con el SAT, se llev\u00f3 a cabo el Taller de R\u00e9gimen Simplificado de Confianza (RESICO) Villa de \u00c1lvarez, Col.- El Ayuntamiento de Villa de \u00c1lvarez, a trav\u00e9s de la Direcci\u00f3n de Desarrollo Econ\u00f3mico y en coordinaci\u00f3n con el Servicio de Administraci\u00f3n Tributaria (SAT), llevaron a cabo el Taller de R\u00e9gimen Simplificado de Confianza&#8230;<\/p>\n","protected":false},"author":2,"featured_media":28316,"comment_status":"open","ping_status":"open","sticky":false,"template":"","format":"standard","meta":{"footnotes":""},"categories":[8,42],"tags":[29,30,28],"class_list":["post-28315","post","type-post","status-publish","format-standard","has-post-thumbnail","hentry","category-municipios","category-villa-de-alvarez","tag-grid","tag-news","tag-slider"],"_links":{"self":[{"href":"http:\/\/elobservatorio.com.mx\/index.php?rest_route=\/wp\/v2\/posts\/28315"}],"collection":[{"href":"http:\/\/elobservatorio.com.mx\/index.php?rest_route=\/wp\/v2\/posts"}],"about":[{"href":"http:\/\/elobservatorio.com.mx\/index.php?rest_route=\/wp\/v2\/types\/post"}],"author":[{"embeddable":true,"href":"http:\/\/elobservatorio.com.mx\/index.php?rest_route=\/wp\/v2\/users\/2"}],"replies":[{"embeddable":true,"href":"http:\/\/elobservatorio.com.mx\/index.php?rest_route=%2Fwp%2Fv2%2Fcomments&post=28315"}],"version-history":[{"count":0,"href":"http:\/\/elobservatorio.com.mx\/index.php?rest_route=\/wp\/v2\/posts\/28315\/revisions"}],"wp:featuredmedia":[{"embeddable":true,"href":"http:\/\/elobservatorio.com.mx\/index.php?rest_route=\/wp\/v2\/media\/28316"}],"wp:attachment":[{"href":"http:\/\/elobservatorio.com.mx\/index.php?rest_route=%2Fwp%2Fv2%2Fmedia&parent=28315"}],"wp:term":[{"taxonomy":"category","embeddable":true,"href":"http:\/\/elobservatorio.com.mx\/index.php?rest_route=%2Fwp%2Fv2%2Fcategories&post=28315"},{"taxonomy":"post_tag","embeddable":true,"href":"http:\/\/elobservatorio.com.mx\/index.php?rest_route=%2Fwp%2Fv2%2Ftags&post=28315"}],"curies":[{"name":"wp","href":"https:\/\/api.w.org\/{rel}","templated":true}]}}