{"id":28322,"date":"2023-09-20T15:06:23","date_gmt":"2023-09-20T21:06:23","guid":{"rendered":"http:\/\/elobservatorio.com.mx\/?p=28322"},"modified":"2023-09-20T15:06:23","modified_gmt":"2023-09-20T21:06:23","slug":"villa-de-alvarez-primer-municipio-donde-se-presenta-el-libro-colima-el-latido-de-sus-anos","status":"publish","type":"post","link":"http:\/\/elobservatorio.com.mx\/?p=28322","title":{"rendered":"Villa de \u00c1lvarez, primer municipio donde se presenta el libro \u201cColima, el latido de sus a\u00f1os\u201d"},"content":{"rendered":"<p><em>*Es una edici\u00f3n conmemorativa de los 500 a\u00f1os de la fundaci\u00f3n de la Villa de Colima<\/em><\/p>\n<p>Villa de \u00c1lvarez, Col.- Dentro del marco del 500 Aniversario de la fundaci\u00f3n de La Villa de Colima, se present\u00f3 en Villa de \u00c1lvarez el libro \u00abColima, el latido de sus a\u00f1os\u00bb, siendo este el primero de los municipios donde se da a conocer esta edici\u00f3n conmemorativa, coordinada por Mar\u00eda Irma L\u00f3pez Razgado y Jos\u00e9 Miguel Romero de Sol\u00eds.<\/p>\n<p>En el el Sal\u00f3n Verde de la Presidencia Municipal, se coment\u00f3 a los asistentes el contenido de este ejemplar por los Acad\u00e9micos Marco J\u00e1uregui y Ada Aurora S\u00e1nchez.<\/p>\n<p>Cabe destacar que este libro re\u00fane obras de historiadores, poetas, escritores, fot\u00f3grafos y artistas pl\u00e1sticos locales y busca reunir 500 a\u00f1os de la historia de Colima, sobre todo en la parte creativa con autores de los diez municipios.<\/p>\n<p>Esta obra fue publicada gracias a los esfuerzos conjuntos de Gobierno del Estado, ASIPONA, el INAH, la Sociedad Defensora del Tesoro Art\u00edstico de M\u00e9xico (SODETAM), Fundaci\u00f3n Romero Abaroa y Puertabierta Editores.<\/p>\n<p>Al t\u00e9rmino del evento, la Presidenta Municipal Tey Guti\u00e9rrez Andrade recibi\u00f3 un ejemplar de esta importante obra. La Alcaldesa mostr\u00f3 benepl\u00e1cito y reiter\u00f3 a las y los asistentes y organizadores, la convicci\u00f3n de que Villa de \u00c1lvarez sea visto como un espacio donde se valora y se aprecia la cultura.<\/p>\n","protected":false},"excerpt":{"rendered":"<p>*Es una edici\u00f3n conmemorativa de los 500 a\u00f1os de la fundaci\u00f3n de la Villa de Colima Villa de \u00c1lvarez, Col.- Dentro del marco del 500 Aniversario de la fundaci\u00f3n de La Villa de Colima, se present\u00f3 en Villa de \u00c1lvarez el libro \u00abColima, el latido de sus a\u00f1os\u00bb, siendo este el primero de los municipios&#8230;<\/p>\n","protected":false},"author":2,"featured_media":28323,"comment_status":"open","ping_status":"open","sticky":false,"template":"","format":"standard","meta":{"footnotes":""},"categories":[8,42],"tags":[29,30,28],"class_list":["post-28322","post","type-post","status-publish","format-standard","has-post-thumbnail","hentry","category-municipios","category-villa-de-alvarez","tag-grid","tag-news","tag-slider"],"_links":{"self":[{"href":"http:\/\/elobservatorio.com.mx\/index.php?rest_route=\/wp\/v2\/posts\/28322"}],"collection":[{"href":"http:\/\/elobservatorio.com.mx\/index.php?rest_route=\/wp\/v2\/posts"}],"about":[{"href":"http:\/\/elobservatorio.com.mx\/index.php?rest_route=\/wp\/v2\/types\/post"}],"author":[{"embeddable":true,"href":"http:\/\/elobservatorio.com.mx\/index.php?rest_route=\/wp\/v2\/users\/2"}],"replies":[{"embeddable":true,"href":"http:\/\/elobservatorio.com.mx\/index.php?rest_route=%2Fwp%2Fv2%2Fcomments&post=28322"}],"version-history":[{"count":0,"href":"http:\/\/elobservatorio.com.mx\/index.php?rest_route=\/wp\/v2\/posts\/28322\/revisions"}],"wp:featuredmedia":[{"embeddable":true,"href":"http:\/\/elobservatorio.com.mx\/index.php?rest_route=\/wp\/v2\/media\/28323"}],"wp:attachment":[{"href":"http:\/\/elobservatorio.com.mx\/index.php?rest_route=%2Fwp%2Fv2%2Fmedia&parent=28322"}],"wp:term":[{"taxonomy":"category","embeddable":true,"href":"http:\/\/elobservatorio.com.mx\/index.php?rest_route=%2Fwp%2Fv2%2Fcategories&post=28322"},{"taxonomy":"post_tag","embeddable":true,"href":"http:\/\/elobservatorio.com.mx\/index.php?rest_route=%2Fwp%2Fv2%2Ftags&post=28322"}],"curies":[{"name":"wp","href":"https:\/\/api.w.org\/{rel}","templated":true}]}}