{"id":28360,"date":"2023-09-22T11:14:47","date_gmt":"2023-09-22T17:14:47","guid":{"rendered":"http:\/\/elobservatorio.com.mx\/?p=28360"},"modified":"2023-09-22T11:14:47","modified_gmt":"2023-09-22T17:14:47","slug":"universidad-de-colima-83-anos","status":"publish","type":"post","link":"http:\/\/elobservatorio.com.mx\/?p=28360","title":{"rendered":"Universidad de Colima, 83 a\u00f1os"},"content":{"rendered":"<p class=\"x_MsoNormal\"><b><span class=\"x_ContentPasted0\" lang=\"ES-TRAD\">PARACA\u00cdDAS<\/span><\/b><\/p>\n<p class=\"x_MsoNormal\"><em><span lang=\"ES-TRAD\">\u00a0<\/span><span class=\"x_ContentPasted0\" lang=\"ES-TRAD\">Rogelio Guedea<\/span><\/em><\/p>\n<p class=\"x_MsoNormal\"><b><span lang=\"ES-TRAD\">\u00a0<\/span><\/b><span class=\"x_ContentPasted0\" lang=\"ES-TRAD\">El pasado 16 de septiembre la Universidad de Colima, m\u00e1xima casa de estudios de los colimenses, cumpli\u00f3 83 a\u00f1os de vida y, para festejarlos, se ha preparado un programa especial de actividades que van desde conferencias magistrales, reinauguraci\u00f3n de espacios (como el estado San Jorge, gran acierto), entrega de doctorados honoris causa, exposiciones fotogr\u00e1ficas, etc\u00e9tera. <\/span><\/p>\n<p class=\"x_MsoNormal\"><span class=\"x_ContentPasted0\" lang=\"ES-TRAD\">La idea es, principalmente, no s\u00f3lo que se conmemore a una universidad con una trayectoria de gran valor para el desarrollo y bienestar de nuestra entidad, sino que se ratifique, adem\u00e1s, su imprescindible labor para el futuro de los colimenses. No es, eso est\u00e1 claro, la misma universidad que empez\u00f3 hace 83 a\u00f1os, pero en esencia tampoco ha cambiado mucho su misi\u00f3n y sus objetivos principales: formar ciudadanos cr\u00edticos, creativos, responsable con su entorno y sociedad, y dispuestos a contribuir en el bienestar y desarrollo de su sociedad. <\/span><\/p>\n<p class=\"x_MsoNormal\"><span class=\"x_ContentPasted0\" lang=\"ES-TRAD\">Hoy tenemos una universidad muy consolidada en sus funciones sustantivas: docencia, investigaci\u00f3n, promoci\u00f3n y difusi\u00f3n de la cultura y el deporte, y en la actualidad est\u00e1 dirigida por un rector, Christian Torres Ortiz Zerme\u00f1o con una trayectoria igualmente s\u00f3lida y con una energ\u00eda palpable que no ha hecho sino seguirle dando el impulso que as\u00ed exigen las circunstancias actuales, muchas de hechas adversas. <\/span><\/p>\n<p class=\"x_MsoNormal\"><span class=\"x_ContentPasted0\" lang=\"ES-TRAD\">La Universidad de Colima ha tenido momentos dif\u00edciles a lo largo de su historia, pero, vistos desde la distancia, estos no han servicio sino para consolidarla m\u00e1s como una instituci\u00f3n de voluntad social y al servicio de su poblaci\u00f3n, forj\u00e1ndose una reputaci\u00f3n importante en una realidad altamente competitiva. <\/span><\/p>\n<p class=\"x_MsoNormal\"><span class=\"x_ContentPasted0\" lang=\"ES-TRAD\">Una de las fortunas institucionales es que nuestra m\u00e1xima casa de estudios se ha abierto al mundo y se ha internacionalizado de tal modo que las visiones profesores y estudiantes que regresan de intercambios en el extranjero y las visiones de los extranjeros que tienen estancias en nuestra instituci\u00f3n se han unido para ir transformando, para bien, nuestras propias visiones de lo que debe ser una universidad plural, diversa impermeable a cualquier tipo de intolerancia. <\/span><\/p>\n<p class=\"x_MsoNormal\"><span class=\"x_ContentPasted0\" lang=\"ES-TRAD\">Nuestra universidad, especialmente en este rectorado, ha tambi\u00e9n sabido cumplir con mayor compromiso su funci\u00f3n social y establecido muchas alianzas con el gobierno estatal y los municipales para coadyuvar en la soluci\u00f3n de las problem\u00e1ticas que m\u00e1s aquejan a los colimenses. <\/span><\/p>\n<p class=\"x_MsoNormal\"><span class=\"x_ContentPasted0\" lang=\"ES-TRAD\">Tenemos una universidad unida, fuerte, con un liderazgo abierto y emp\u00e1tico, y una comunidad realmente competente y noble que innova y construye y que, lo que es mejor, que se le deja innovar y construir. Por eso, nuestra m\u00e1xima casa de estudios es un baluarte para nuestra entidad y ha sido muy positivo que la propia gobernadora Indira Vizca\u00edno as\u00ed lo haya reconocido y haya confirmado que siempre respaldar\u00e1 a la instituci\u00f3n que a ella misma la form\u00f3. As\u00ed sea.<\/span><\/p>\n","protected":false},"excerpt":{"rendered":"<p>PARACA\u00cdDAS \u00a0Rogelio Guedea \u00a0El pasado 16 de septiembre la Universidad de Colima, m\u00e1xima casa de estudios de los colimenses, cumpli\u00f3 83 a\u00f1os de vida y, para festejarlos, se ha preparado un programa especial de actividades que van desde conferencias magistrales, reinauguraci\u00f3n de espacios (como el estado San Jorge, gran acierto), entrega de doctorados honoris causa,&#8230;<\/p>\n","protected":false},"author":2,"featured_media":25398,"comment_status":"open","ping_status":"open","sticky":false,"template":"","format":"standard","meta":{"footnotes":""},"categories":[11],"tags":[29,30,28],"class_list":["post-28360","post","type-post","status-publish","format-standard","has-post-thumbnail","hentry","category-opinion","tag-grid","tag-news","tag-slider"],"_links":{"self":[{"href":"http:\/\/elobservatorio.com.mx\/index.php?rest_route=\/wp\/v2\/posts\/28360"}],"collection":[{"href":"http:\/\/elobservatorio.com.mx\/index.php?rest_route=\/wp\/v2\/posts"}],"about":[{"href":"http:\/\/elobservatorio.com.mx\/index.php?rest_route=\/wp\/v2\/types\/post"}],"author":[{"embeddable":true,"href":"http:\/\/elobservatorio.com.mx\/index.php?rest_route=\/wp\/v2\/users\/2"}],"replies":[{"embeddable":true,"href":"http:\/\/elobservatorio.com.mx\/index.php?rest_route=%2Fwp%2Fv2%2Fcomments&post=28360"}],"version-history":[{"count":0,"href":"http:\/\/elobservatorio.com.mx\/index.php?rest_route=\/wp\/v2\/posts\/28360\/revisions"}],"wp:featuredmedia":[{"embeddable":true,"href":"http:\/\/elobservatorio.com.mx\/index.php?rest_route=\/wp\/v2\/media\/25398"}],"wp:attachment":[{"href":"http:\/\/elobservatorio.com.mx\/index.php?rest_route=%2Fwp%2Fv2%2Fmedia&parent=28360"}],"wp:term":[{"taxonomy":"category","embeddable":true,"href":"http:\/\/elobservatorio.com.mx\/index.php?rest_route=%2Fwp%2Fv2%2Fcategories&post=28360"},{"taxonomy":"post_tag","embeddable":true,"href":"http:\/\/elobservatorio.com.mx\/index.php?rest_route=%2Fwp%2Fv2%2Ftags&post=28360"}],"curies":[{"name":"wp","href":"https:\/\/api.w.org\/{rel}","templated":true}]}}