{"id":2843,"date":"2019-03-07T20:12:24","date_gmt":"2019-03-07T20:12:24","guid":{"rendered":"http:\/\/elobservatorio.com.mx\/no-mas-protestas-en-actos-y-se-respetara-a-autoridades-amlo"},"modified":"2019-03-07T20:12:24","modified_gmt":"2019-03-07T20:12:24","slug":"no-mas-protestas-en-actos-y-se-respetara-a-autoridades-amlo","status":"publish","type":"post","link":"http:\/\/elobservatorio.com.mx\/?p=2843","title":{"rendered":"No m\u00e1s protestas en actos y se respetar\u00e1 a autoridades: AMLO"},"content":{"rendered":"<p><em>*Asegura el presidente que mantiene comunicaci\u00f3n con gobernadores y la relaci\u00f3n es buena; protestas contra mandatarios locales han sido por confrontaci\u00f3n pol\u00edtica-partidista, comenta.<\/em><\/p>\n<p>Los reclamos del PRI y del PAN sobre las manifestaciones en contra de sus gobernadores durante actos del presidente Andr\u00e9s Manuel L\u00f3pez Obrador, \u00e9ste afirm\u00f3 que no habr\u00e1 manifestaciones contra los mandatarios y la sociedad actuar\u00e1 con respeto a las autoridades.<\/p>\n<p>El titular del Ejecutivo federal asegur\u00f3 que luego de estos lamentables hechos durante sus visitas a las entidades del pa\u00eds, hay comunicaci\u00f3n con los gobernadores y las relaciones con \u00e9stos son buenas.<\/p>\n<p>Aclar\u00f3 que las protestas, en las que se abuchean a los mandatarios locales ya no se dar\u00e1n durante los actos.<\/p>\n<p>\u201cEstoy seguro que en los actos ya no habr\u00e1 estas expresiones y aunque la gente quiera protestar, se sienta agraviada y no atendida, en algunos casos, estoy seguro que actuar\u00e1n con respeto a las autoridades\u201d, dijo.<\/p>\n<p>L\u00f3pez Obrador asever\u00f3 que en algunos casos, las manifestaciones en contra de los mandatarios locales han sido \u201cpor la confrontaci\u00f3n pol\u00edtica-partidista\u201d, mientras que en el resto, la gente, \u201cque est\u00e1 en su derecho (de protestar), porque es leg\u00edtimo\u201d, reclama los pendientes que no han sido atendidos.<\/p>\n<p>Adem\u00e1s, la presencia de autoridades federales, estatales y de medios de informaci\u00f3n abona para que los inconformes busquen, en los actos, manifestarse con la intenci\u00f3n de ser escuchados.<\/p>\n<p>\u201cQuienes quieren ser escuchados o se sientes injustamente tratados, aprovechan de que es un acto en el que va a estar el Gobierno federal, los medios, las autoridades locales\u2026 es la forma de expresarse\u201d, dijo.<\/p>\n<p>\u201cLos abucheos no son bien vistos por nosotros, yo los repruebo, no creo que sea conveniente, es de mal gusto, hay que ser respetuoso de las autoridades y hacer a un lado el infantilismo pol\u00edtico que tiene que ver con dirigentes, no con la gente.<\/p>\n","protected":false},"excerpt":{"rendered":"<p>*Asegura el presidente que mantiene comunicaci\u00f3n con gobernadores y la relaci\u00f3n es buena; protestas contra mandatarios locales han sido por confrontaci\u00f3n pol\u00edtica-partidista, comenta. Los reclamos del PRI y del PAN sobre las manifestaciones en contra de sus gobernadores durante actos del presidente Andr\u00e9s Manuel L\u00f3pez Obrador, \u00e9ste afirm\u00f3 que no habr\u00e1 manifestaciones contra los mandatarios&#8230;<\/p>\n","protected":false},"author":2,"featured_media":2844,"comment_status":"open","ping_status":"open","sticky":false,"template":"","format":"standard","meta":{"footnotes":""},"categories":[16],"tags":[29,30,28],"class_list":["post-2843","post","type-post","status-publish","format-standard","has-post-thumbnail","hentry","category-gobierno","tag-grid","tag-news","tag-slider"],"_links":{"self":[{"href":"http:\/\/elobservatorio.com.mx\/index.php?rest_route=\/wp\/v2\/posts\/2843"}],"collection":[{"href":"http:\/\/elobservatorio.com.mx\/index.php?rest_route=\/wp\/v2\/posts"}],"about":[{"href":"http:\/\/elobservatorio.com.mx\/index.php?rest_route=\/wp\/v2\/types\/post"}],"author":[{"embeddable":true,"href":"http:\/\/elobservatorio.com.mx\/index.php?rest_route=\/wp\/v2\/users\/2"}],"replies":[{"embeddable":true,"href":"http:\/\/elobservatorio.com.mx\/index.php?rest_route=%2Fwp%2Fv2%2Fcomments&post=2843"}],"version-history":[{"count":0,"href":"http:\/\/elobservatorio.com.mx\/index.php?rest_route=\/wp\/v2\/posts\/2843\/revisions"}],"wp:featuredmedia":[{"embeddable":true,"href":"http:\/\/elobservatorio.com.mx\/index.php?rest_route=\/wp\/v2\/media\/2844"}],"wp:attachment":[{"href":"http:\/\/elobservatorio.com.mx\/index.php?rest_route=%2Fwp%2Fv2%2Fmedia&parent=2843"}],"wp:term":[{"taxonomy":"category","embeddable":true,"href":"http:\/\/elobservatorio.com.mx\/index.php?rest_route=%2Fwp%2Fv2%2Fcategories&post=2843"},{"taxonomy":"post_tag","embeddable":true,"href":"http:\/\/elobservatorio.com.mx\/index.php?rest_route=%2Fwp%2Fv2%2Ftags&post=2843"}],"curies":[{"name":"wp","href":"https:\/\/api.w.org\/{rel}","templated":true}]}}