{"id":28434,"date":"2023-09-29T23:22:06","date_gmt":"2023-09-30T05:22:06","guid":{"rendered":"http:\/\/elobservatorio.com.mx\/?p=28434"},"modified":"2023-09-29T23:22:06","modified_gmt":"2023-09-30T05:22:06","slug":"el-ieec-aprueba-nombramientos-de-consejerias-y-convocatoria-para-suplencias-en-sus-cme","status":"publish","type":"post","link":"http:\/\/elobservatorio.com.mx\/?p=28434","title":{"rendered":"El IEEC aprueba nombramientos de consejer\u00edas y convocatoria para suplencias en sus CME"},"content":{"rendered":"<p><em>*Adem\u00e1s modifica acuerdos anteriores para dar mayor certeza al PEL 2023-2024<\/em><\/p>\n<p>El Consejo General del Instituto Electoral del Estado de Colima (IEE) aprob\u00f3 el nombramiento de Consejer\u00edas Municipales Electorales propietarias en los Consejos Municipales Electorales de Cuauht\u00e9moc e Ixtlahuac\u00e1n; y emiti\u00f3 la convocatoria para la selecci\u00f3n y designaci\u00f3n de Consejer\u00edas Municipales Electorales Suplentes.<\/p>\n<p>Lo anterior durante la Octava Sesi\u00f3n Ordinaria del Periodo Interproceso 2021-2023, celebrada este viernes 29 de septiembre, en la que adem\u00e1s se aprob\u00f3 la fe de erratas a los lineamientos para las candidaturas del Proceso Electoral Local 2023-2024, aprobados mediante los acuerdos IEE\/CG\/A058\/2023 e IEE\/CG\/A059\/2023; as\u00ed como la modificaci\u00f3n del acuerdo IEE\/CG\/A061\/2023, ratificando al titular de la Direcci\u00f3n de Sistemas del \u00f3rgano local como Instancia Interna y como Coordinador del desarrollo de las actividades del Programa de Resultados Electorales Preliminares (PREP).<\/p>\n<p>En cuanto al primer punto se\u00f1alado, fue aprobada la designaci\u00f3n de Zhared P\u00e9rez P\u00e9rez, como titular de la Consejer\u00eda Electoral Propietaria que qued\u00f3 vacante en virtud del fallecimiento de Ra\u00fal Leonel Aguirre Campos, en el Consejo Municipal Electoral de Cuauht\u00e9moc; y la designaci\u00f3n de Margarita Garc\u00eda Silva, como titular de la Consejer\u00eda Electoral Propietaria que dej\u00f3 vacante Sandra Vizca\u00edno Flores en el Consejo Municipal Electoral de Ixtlahuac\u00e1n; con vigencia para el Proceso Electoral Local 2023-2024.<\/p>\n<p>Asimismo se emiti\u00f3 la Convocatoria para ocupar las Consejer\u00edas Electorales Suplentes que se encuentran vacantes, o han manifestado su decisi\u00f3n de no continuar en el cargo, en los Consejos Municipales Electoral de Armer\u00eda (1 vacante), Coquimatl\u00e1n (1), Cuauht\u00e9moc (2), Ixtlahuac\u00e1n (1) y Manzanillo (2). Los requisitos, fechas y dem\u00e1s detalles pueden consultarse en la p\u00e1gina oficial del instituto: www.ieecolima.org.mx<\/p>\n<p>En cuanto a la fe de erratas a los lineamientos para el cumplimiento de la paridad de g\u00e9nero en las candidaturas del inminente proceso electoral, y a los relativos a la\u00a0 inclusi\u00f3n de las candidaturas de personas ind\u00edgenas, de personas con discapacidad, y de personas de la diversidad sexual; se ajust\u00f3 la conformaci\u00f3n de los bloques de competitividad y los porcentajes de votaci\u00f3n calculados, en observancia del principio de certeza que rige en la materia electoral.<\/p>\n<p>Mientras, la modificaci\u00f3n del acuerdo IEE\/CG\/A061\/2023 se realiz\u00f3 derivado de las observaciones realizadas por la Unidad T\u00e9cnica de Servicios de Inform\u00e1tica del Instituto Nacional Electoral (INE), ratificando al titular de la Direcci\u00f3n de Sistemas del como Instancia Interna y como Coordinador del desarrollo de las actividades del PREP.<\/p>\n","protected":false},"excerpt":{"rendered":"<p>*Adem\u00e1s modifica acuerdos anteriores para dar mayor certeza al PEL 2023-2024 El Consejo General del Instituto Electoral del Estado de Colima (IEE) aprob\u00f3 el nombramiento de Consejer\u00edas Municipales Electorales propietarias en los Consejos Municipales Electorales de Cuauht\u00e9moc e Ixtlahuac\u00e1n; y emiti\u00f3 la convocatoria para la selecci\u00f3n y designaci\u00f3n de Consejer\u00edas Municipales Electorales Suplentes. Lo anterior&#8230;<\/p>\n","protected":false},"author":2,"featured_media":28435,"comment_status":"open","ping_status":"open","sticky":false,"template":"","format":"standard","meta":{"footnotes":""},"categories":[12],"tags":[29,30,28],"class_list":["post-28434","post","type-post","status-publish","format-standard","has-post-thumbnail","hentry","category-sociedad","tag-grid","tag-news","tag-slider"],"_links":{"self":[{"href":"http:\/\/elobservatorio.com.mx\/index.php?rest_route=\/wp\/v2\/posts\/28434"}],"collection":[{"href":"http:\/\/elobservatorio.com.mx\/index.php?rest_route=\/wp\/v2\/posts"}],"about":[{"href":"http:\/\/elobservatorio.com.mx\/index.php?rest_route=\/wp\/v2\/types\/post"}],"author":[{"embeddable":true,"href":"http:\/\/elobservatorio.com.mx\/index.php?rest_route=\/wp\/v2\/users\/2"}],"replies":[{"embeddable":true,"href":"http:\/\/elobservatorio.com.mx\/index.php?rest_route=%2Fwp%2Fv2%2Fcomments&post=28434"}],"version-history":[{"count":0,"href":"http:\/\/elobservatorio.com.mx\/index.php?rest_route=\/wp\/v2\/posts\/28434\/revisions"}],"wp:featuredmedia":[{"embeddable":true,"href":"http:\/\/elobservatorio.com.mx\/index.php?rest_route=\/wp\/v2\/media\/28435"}],"wp:attachment":[{"href":"http:\/\/elobservatorio.com.mx\/index.php?rest_route=%2Fwp%2Fv2%2Fmedia&parent=28434"}],"wp:term":[{"taxonomy":"category","embeddable":true,"href":"http:\/\/elobservatorio.com.mx\/index.php?rest_route=%2Fwp%2Fv2%2Fcategories&post=28434"},{"taxonomy":"post_tag","embeddable":true,"href":"http:\/\/elobservatorio.com.mx\/index.php?rest_route=%2Fwp%2Fv2%2Ftags&post=28434"}],"curies":[{"name":"wp","href":"https:\/\/api.w.org\/{rel}","templated":true}]}}