{"id":28440,"date":"2023-09-29T23:50:13","date_gmt":"2023-09-30T05:50:13","guid":{"rendered":"http:\/\/elobservatorio.com.mx\/?p=28440"},"modified":"2023-09-29T23:50:13","modified_gmt":"2023-09-30T05:50:13","slug":"promueve-tey-gutierrez-ante-estudiantes-de-udec-app-para-proteccion-de-mujeres","status":"publish","type":"post","link":"http:\/\/elobservatorio.com.mx\/?p=28440","title":{"rendered":"Promueve Tey Guti\u00e9rrez ante estudiantes de UdeC App para protecci\u00f3n de mujeres"},"content":{"rendered":"<p><em>*Exhorta Rector Christian Torres Ortiz Zerme\u00f1o a la comunidad universitaria descargue en sus celulares la aplicaci\u00f3n Bot\u00f3n Diana<\/em><\/p>\n<p>Villa de \u00c1lvarez, Col.- Ante estudiantes del Campus Villa de \u00c1lvarez de la Universidad de Colima, el Rector de la M\u00e1xima Casa de Estudios Colimense, Christian Torres Ortiz Zerme\u00f1o, exhort\u00f3 a alumnas y alumnos a descargar la aplicaci\u00f3n m\u00f3vil Bot\u00f3n Diana, desarrollada por el Ayuntamiento de Villa de \u00c1lvarez, para brindar auxilio a mujeres en casos de emergencia.<\/p>\n<p>En el Polideportivo Universitario de Villa de \u00c1lvarez, donde el gobierno municipal de Tey Guti\u00e9rrez Andrade present\u00f3 la App Bot\u00f3n Diana, el Rector de la U de C reconoci\u00f3 la iniciativa del Ayuntamiento Villalvarense para hacer frente al ambiente de inseguridad.<\/p>\n<p>\u201cEste Bot\u00f3n Diana se pone a disposici\u00f3n de la ciudadan\u00eda, en especial para prevenir la violencia de g\u00e9nero, la violencia hacia las mujeres\u201d, se\u00f1al\u00f3 Torres Ortiz Zerme\u00f1o.<\/p>\n<p>Mencion\u00f3 que la Universidad de Colima tiene una matr\u00edcula de casi 30 mil estudiantes, de las cuales el 55 por ciento son mujeres, \u201cpor eso quiero pedirles a todas y a todos que descarguen la aplicaci\u00f3n, la conozcan, difundan su existencia entre su familia y, ojo: s\u00f3lo si la necesitan, \u00fasenla\u201d<\/p>\n","protected":false},"excerpt":{"rendered":"<p>*Exhorta Rector Christian Torres Ortiz Zerme\u00f1o a la comunidad universitaria descargue en sus celulares la aplicaci\u00f3n Bot\u00f3n Diana Villa de \u00c1lvarez, Col.- Ante estudiantes del Campus Villa de \u00c1lvarez de la Universidad de Colima, el Rector de la M\u00e1xima Casa de Estudios Colimense, Christian Torres Ortiz Zerme\u00f1o, exhort\u00f3 a alumnas y alumnos a descargar la&#8230;<\/p>\n","protected":false},"author":2,"featured_media":28441,"comment_status":"open","ping_status":"open","sticky":false,"template":"","format":"standard","meta":{"footnotes":""},"categories":[8,42],"tags":[29,30,28],"class_list":["post-28440","post","type-post","status-publish","format-standard","has-post-thumbnail","hentry","category-municipios","category-villa-de-alvarez","tag-grid","tag-news","tag-slider"],"_links":{"self":[{"href":"http:\/\/elobservatorio.com.mx\/index.php?rest_route=\/wp\/v2\/posts\/28440"}],"collection":[{"href":"http:\/\/elobservatorio.com.mx\/index.php?rest_route=\/wp\/v2\/posts"}],"about":[{"href":"http:\/\/elobservatorio.com.mx\/index.php?rest_route=\/wp\/v2\/types\/post"}],"author":[{"embeddable":true,"href":"http:\/\/elobservatorio.com.mx\/index.php?rest_route=\/wp\/v2\/users\/2"}],"replies":[{"embeddable":true,"href":"http:\/\/elobservatorio.com.mx\/index.php?rest_route=%2Fwp%2Fv2%2Fcomments&post=28440"}],"version-history":[{"count":0,"href":"http:\/\/elobservatorio.com.mx\/index.php?rest_route=\/wp\/v2\/posts\/28440\/revisions"}],"wp:featuredmedia":[{"embeddable":true,"href":"http:\/\/elobservatorio.com.mx\/index.php?rest_route=\/wp\/v2\/media\/28441"}],"wp:attachment":[{"href":"http:\/\/elobservatorio.com.mx\/index.php?rest_route=%2Fwp%2Fv2%2Fmedia&parent=28440"}],"wp:term":[{"taxonomy":"category","embeddable":true,"href":"http:\/\/elobservatorio.com.mx\/index.php?rest_route=%2Fwp%2Fv2%2Fcategories&post=28440"},{"taxonomy":"post_tag","embeddable":true,"href":"http:\/\/elobservatorio.com.mx\/index.php?rest_route=%2Fwp%2Fv2%2Ftags&post=28440"}],"curies":[{"name":"wp","href":"https:\/\/api.w.org\/{rel}","templated":true}]}}