{"id":28468,"date":"2023-10-03T20:15:44","date_gmt":"2023-10-04T02:15:44","guid":{"rendered":"http:\/\/elobservatorio.com.mx\/?p=28468"},"modified":"2023-10-03T20:15:44","modified_gmt":"2023-10-04T02:15:44","slug":"presenta-gaby-mejia-programa-de-las-fiestas-de-charrotaurinas","status":"publish","type":"post","link":"http:\/\/elobservatorio.com.mx\/?p=28468","title":{"rendered":"Presenta Gaby Mej\u00eda programa de las Fiestas de Charrotaurinas"},"content":{"rendered":"<p class=\"x_gmail-MsoNoSpacing\"><em>*Habr\u00e1 eventos art\u00edsticos, culturales y deportivos +Destaca la presentaci\u00f3n de Grupo Palomo, Los Terr\u00edcolas y el comediante Chuponcito +El 8 de octubre es la Entrada de la M\u00fasica, a partir de las 11 de la ma\u00f1ana.<\/em><\/p>\n<p class=\"x_gmail-MsoNoSpacing\">La presidenta municipal de Cuauht\u00e9moc, Gabriela Mej\u00eda Mart\u00ednez, inform\u00f3 en rueda de prensa sobre la Tradicional Entrada de la M\u00fasica y el programa de las Fiestas Patronales y Charrotaurinas Cuauht\u00e9moc 2023, que se realizar\u00e1n del 14 al 24 de octubre.<\/p>\n<p class=\"x_gmail-MsoNoSpacing\">Confirm\u00f3 que la Entrada de la M\u00fasica ser\u00e1 este domingo 8 de octubre a partir de las 11 de la ma\u00f1ana, en la cual se contempla la participaci\u00f3n de contingente religiosos y de grupos culturales locales y regionales, adem\u00e1s de las cuadras de caballos; se\u00f1alando que se trata de un evento familiar que concentra cerca de 35 mil visitantes.<\/p>\n<p class=\"x_gmail-MsoNoSpacing\">La alcaldesa destac\u00f3 la participaci\u00f3n de Riverside, California, como ciudad invitada a los festejos y se\u00f1al\u00f3 que en la parte musical del programa se incluye la presentaci\u00f3n de Grupo Palomo, Los Terr\u00edcolas y Chuy Gazc\u00f3n y sus Comprometidos, adem\u00e1s de agrupaciones musicales de la regi\u00f3n y en la comedia la actuaci\u00f3n estelar del payaso Chuponcito.<\/p>\n<p class=\"x_gmail-MsoNoSpacing\">Sumado a las actividades charrotaurinas, se dijo que habr\u00e1 eventos culturales en el foro del Templo de San Rafael, art\u00edsticos en el Jard\u00edn Principal y actividades deportivas, destacando una ruta ciclista el 21 de octubre a las 10:30 de la ma\u00f1ana, iniciando en el Andador de la Presidencia.<\/p>\n<p class=\"x_gmail-MsoNoSpacing\">Acompa\u00f1aron a la alcaldesa el secretario, Aldo Mart\u00ednez; la presidenta del DIF, Nadia Mej\u00eda; los titulares de Cultura, El\u00edas Valdovinos; de Deportes, Juan Marcial; de Fomento Econ\u00f3mico, Blanca Rocha; de Seguridad P\u00fablica, Alecio Osegueda y de Protecci\u00f3n Civil, Edgar Espinoza.<\/p>\n<p class=\"x_gmail-MsoNoSpacing\">En el encuentro con los medios de comunicaci\u00f3n se inform\u00f3 tambi\u00e9n sobre los operativos correspondientes a la Entrada de la M\u00fasica, se\u00f1alando que las multas para quienes alteren el orden, orinen en v\u00eda p\u00fablica o cualquier otra falta administrativa, podr\u00edan ser de hasta 2 mil pesos y se contar\u00e1 con el apoyo de instituciones de seguridad estatales y federales, con 25 puntos de revisi\u00f3n colocados de forma estrat\u00e9gica.<\/p>\n","protected":false},"excerpt":{"rendered":"<p>*Habr\u00e1 eventos art\u00edsticos, culturales y deportivos +Destaca la presentaci\u00f3n de Grupo Palomo, Los Terr\u00edcolas y el comediante Chuponcito +El 8 de octubre es la Entrada de la M\u00fasica, a partir de las 11 de la ma\u00f1ana. La presidenta municipal de Cuauht\u00e9moc, Gabriela Mej\u00eda Mart\u00ednez, inform\u00f3 en rueda de prensa sobre la Tradicional Entrada de la&#8230;<\/p>\n","protected":false},"author":2,"featured_media":28469,"comment_status":"open","ping_status":"open","sticky":false,"template":"","format":"standard","meta":{"footnotes":""},"categories":[40,8],"tags":[29,30,28],"class_list":["post-28468","post","type-post","status-publish","format-standard","has-post-thumbnail","hentry","category-cuauhtemoc","category-municipios","tag-grid","tag-news","tag-slider"],"_links":{"self":[{"href":"http:\/\/elobservatorio.com.mx\/index.php?rest_route=\/wp\/v2\/posts\/28468"}],"collection":[{"href":"http:\/\/elobservatorio.com.mx\/index.php?rest_route=\/wp\/v2\/posts"}],"about":[{"href":"http:\/\/elobservatorio.com.mx\/index.php?rest_route=\/wp\/v2\/types\/post"}],"author":[{"embeddable":true,"href":"http:\/\/elobservatorio.com.mx\/index.php?rest_route=\/wp\/v2\/users\/2"}],"replies":[{"embeddable":true,"href":"http:\/\/elobservatorio.com.mx\/index.php?rest_route=%2Fwp%2Fv2%2Fcomments&post=28468"}],"version-history":[{"count":0,"href":"http:\/\/elobservatorio.com.mx\/index.php?rest_route=\/wp\/v2\/posts\/28468\/revisions"}],"wp:featuredmedia":[{"embeddable":true,"href":"http:\/\/elobservatorio.com.mx\/index.php?rest_route=\/wp\/v2\/media\/28469"}],"wp:attachment":[{"href":"http:\/\/elobservatorio.com.mx\/index.php?rest_route=%2Fwp%2Fv2%2Fmedia&parent=28468"}],"wp:term":[{"taxonomy":"category","embeddable":true,"href":"http:\/\/elobservatorio.com.mx\/index.php?rest_route=%2Fwp%2Fv2%2Fcategories&post=28468"},{"taxonomy":"post_tag","embeddable":true,"href":"http:\/\/elobservatorio.com.mx\/index.php?rest_route=%2Fwp%2Fv2%2Ftags&post=28468"}],"curies":[{"name":"wp","href":"https:\/\/api.w.org\/{rel}","templated":true}]}}