{"id":28477,"date":"2023-10-10T15:20:20","date_gmt":"2023-10-10T21:20:20","guid":{"rendered":"http:\/\/elobservatorio.com.mx\/?p=28477"},"modified":"2023-10-10T15:20:20","modified_gmt":"2023-10-10T21:20:20","slug":"convoca-margarita-moreno-a-concurso-de-altares-de-muerto-por-festival-recuerdame-bonito","status":"publish","type":"post","link":"http:\/\/elobservatorio.com.mx\/?p=28477","title":{"rendered":"Convoca Margarita Moreno a concurso de Altares de Muerto por Festival Recu\u00e9rdame Bonito"},"content":{"rendered":"<p><em>*Podr\u00e1n participar quienes vivan en barrios y colonias de la capital del estado.<\/em><br aria-hidden=\"true\" \/><br aria-hidden=\"true\" \/>La presidenta municipal de Colima, Margarita Moreno, convoc\u00f3 a todas las personas que vivan en las colonias y barrios del municipio de Colima en equipos de 6 a 8 personas, a \u00a0participar en el Concurso de Altares de Muertos 2023, en el marco del Festival Recu\u00e9rdame Bonito, organizado por Sendero Jard\u00edn Funeral.<br aria-hidden=\"true\" \/><br aria-hidden=\"true\" \/>Inform\u00f3 que las personas tienen hasta las 20:00 horas del 27 de octubre para llenar la hoja de registro que se debe solicitar ante la direcci\u00f3n de Educaci\u00f3n, Cultura y Recreaci\u00f3n, en las oficinas ubicadas en Nicol\u00e1s Bravo, dentro del auditorio Miguel de la Madrid Hurtado, zona centro, Colima, y agreg\u00f3 que para mayores informes podr\u00e1n comunicarse a los tel\u00e9fonos 312-312-38-98 y 312-312-88-73.<br aria-hidden=\"true\" \/><br aria-hidden=\"true\" \/>Margarita Moreno precis\u00f3 que los altares deber\u00e1n de ser colocados en los domicilios registrados con anterioridad, los cuales pueden ser en jardines p\u00fablicos de las colonias o barrios participantes o domicilios particulares, desde las 10:00 horas hasta las 21:00 horas, del primero de noviembre del presente a\u00f1o.<br aria-hidden=\"true\" \/><br aria-hidden=\"true\" \/>Afirm\u00f3 que todos los materiales a usarse en los altares, incluidos las bases, soportes, telas, fondo y utensilios, deber\u00e1n ser previstos por los participantes, adem\u00e1s de que los equipos participantes deber\u00e1n garantizar el buen aspecto y conservaci\u00f3n de sus altares durante el tiempo que dure su exhibici\u00f3n, en particular deber\u00e1n vigilar el estado de los materiales org\u00e1nicos susceptibles de descomposici\u00f3n.<\/p>\n<p>La presidenta Margarita Moreno inform\u00f3 que el jurado visitar\u00e1 los altares el mi\u00e9rcoles primero de noviembre entre las 10:00 horas hasta las 21:00 horas, valorando los aspectos de tradici\u00f3n, que contengan los elementos propios de un altar de muerto; explicaci\u00f3n verbal, descripci\u00f3n de la exposici\u00f3n del altar y rese\u00f1a de la persona a la que est\u00e1 dedicado; y creatividad, uso de elementos tradicionales para expresar el concepto del altar.<\/p>\n<p>Por \u00faltimo, explic\u00f3 que el resultado se dar\u00e1 a conocer el 02 de noviembre y el fallo del jurado ser\u00e1 inapelable, obteniendo el primer lugar 4 mil pesos, el segundo lugar 2 mil pesos y el tercer lugar 1 mil pesos.<\/p>\n","protected":false},"excerpt":{"rendered":"<p>*Podr\u00e1n participar quienes vivan en barrios y colonias de la capital del estado.La presidenta municipal de Colima, Margarita Moreno, convoc\u00f3 a todas las personas que vivan en las colonias y barrios del municipio de Colima en equipos de 6 a 8 personas, a \u00a0participar en el Concurso de Altares de Muertos 2023, en el marco&#8230;<\/p>\n","protected":false},"author":2,"featured_media":28478,"comment_status":"open","ping_status":"open","sticky":false,"template":"","format":"standard","meta":{"footnotes":""},"categories":[36,8],"tags":[29,30,28],"class_list":["post-28477","post","type-post","status-publish","format-standard","has-post-thumbnail","hentry","category-colima","category-municipios","tag-grid","tag-news","tag-slider"],"_links":{"self":[{"href":"http:\/\/elobservatorio.com.mx\/index.php?rest_route=\/wp\/v2\/posts\/28477"}],"collection":[{"href":"http:\/\/elobservatorio.com.mx\/index.php?rest_route=\/wp\/v2\/posts"}],"about":[{"href":"http:\/\/elobservatorio.com.mx\/index.php?rest_route=\/wp\/v2\/types\/post"}],"author":[{"embeddable":true,"href":"http:\/\/elobservatorio.com.mx\/index.php?rest_route=\/wp\/v2\/users\/2"}],"replies":[{"embeddable":true,"href":"http:\/\/elobservatorio.com.mx\/index.php?rest_route=%2Fwp%2Fv2%2Fcomments&post=28477"}],"version-history":[{"count":0,"href":"http:\/\/elobservatorio.com.mx\/index.php?rest_route=\/wp\/v2\/posts\/28477\/revisions"}],"wp:featuredmedia":[{"embeddable":true,"href":"http:\/\/elobservatorio.com.mx\/index.php?rest_route=\/wp\/v2\/media\/28478"}],"wp:attachment":[{"href":"http:\/\/elobservatorio.com.mx\/index.php?rest_route=%2Fwp%2Fv2%2Fmedia&parent=28477"}],"wp:term":[{"taxonomy":"category","embeddable":true,"href":"http:\/\/elobservatorio.com.mx\/index.php?rest_route=%2Fwp%2Fv2%2Fcategories&post=28477"},{"taxonomy":"post_tag","embeddable":true,"href":"http:\/\/elobservatorio.com.mx\/index.php?rest_route=%2Fwp%2Fv2%2Ftags&post=28477"}],"curies":[{"name":"wp","href":"https:\/\/api.w.org\/{rel}","templated":true}]}}