{"id":28523,"date":"2023-10-17T18:22:36","date_gmt":"2023-10-18T00:22:36","guid":{"rendered":"http:\/\/elobservatorio.com.mx\/?p=28523"},"modified":"2023-10-17T18:22:36","modified_gmt":"2023-10-18T00:22:36","slug":"ausencia-de-autoridad","status":"publish","type":"post","link":"http:\/\/elobservatorio.com.mx\/?p=28523","title":{"rendered":"AUSENCIA DE AUTORIDAD"},"content":{"rendered":"<p><strong>VIVENCIAS<\/strong><br \/>\n<em>Carlos Alberto Olvera S\u00e1nchez* <\/em><\/p>\n<p>Para empezar a escribir sobre este tema a desarrollar es a petici\u00f3n de diversos ciudadanos, padres de familia, que desde el arranque del ciclo escolar hasta hoy en d\u00eda &#8211; poco m\u00e1s de medio mes de octubre &#8211; me han hecho saber del ausentismo de profesores en el Nivel B\u00e1sico, caso concreto en secundarias.<\/p>\n<p>Indiscutiblemente la sociedad se construye desde la Educaci\u00f3n, que constituye el pilar fundamental sobre el que se sustenta la convivencia, el bienestar y el progreso social. Por ello resulta sorprendente y parad\u00f3jico que un gobierno que se jacta de ser \u00abEducador\u00bb al entregar Colicomputadoras, no sea capaz de proporcionar la figura elemental como lo son los profesores de banquillo insustituibles por cierto, a m\u00e1s de dos meses de formalmente iniciado el ciclo escolar 2023- 2024, el ausentismo de profesores es vigente, as\u00ed como de alguna autoridad que pueda meter orden en dicho sector, y la cual constitucionalmente tienen derecho los escolapios.<\/p>\n<p>De mayor trascendencia es,\u00a0 que ning\u00fan diputado local de oposici\u00f3n o del mismo partido afin al gobernante en turno, lleve a la m\u00e1xima tribuna del pueblo lo que sucede en las escuelas de Nuestra Colima, con ese silencio c\u00f3mplice es que los \u00edndices delictivos siguen increment\u00e1ndose al no velar por una educaci\u00f3n, que ayude a subsanar el deteriorado tejido social.<\/p>\n<p>De dicha situaci\u00f3n pareciese ser que los dirigentes de los partidos pol\u00edticos &#8211; que por cierto, se sostienen de nuestros impuestos- no manifiesten una postura congruente con sus l\u00edneas discursivas que tanto mencionan en el \u00e1mbito educativo, donde si bien es cierto que en dicho servicio , no existen ni recetas , ni varitas m\u00e1gicas, a lo menos que estar\u00edan obligados dichos Institutos, es a levantar la voz, para que dicho servicio\u00a0 sea funcional, se\u00f1alando los errores en el mismo.<\/p>\n<p>Ante graves Irregularidades, me hacen retroceder en el tiempo, de Bachiller, d\u00f3nde en las l\u00eddes estudiantiles, existe una m\u00e1xima de que no hay protesta\u00a0 sin propuesta, a la cu\u00e1l tanto los legisladores locales y dirigentes partidistas se debieran pronunciar con propuesta en mano.<\/p>\n<p>Se est\u00e1 ante una queja a\u00fan oportuna y adecuada para lograr que el alumnado cuente con profesores en el aula y las escuelas p\u00fablicas con plantilla de profesores Integra, buscando procesos de mejora, no repitiendo procesos, h\u00e1bitos y conductas que ya muestran una ineficiencia acreditada. De lo contrario no queda otro camino, m\u00e1s que la sociedad civil organizada y las sociedades de padres de familia en las escuelas opten por manifestar su inter\u00e9s de que sus hijos tengan derecho a lo que la ley les brinda, una Educaci\u00f3n de calidad.<\/p>\n<p>Record\u00e1ndoles a mis selectos lectores, puedo decir que no soy ni Chairo , ni fif\u00ed me canso ganso .<\/p>\n<p>A MANERA DE COMENTARIO<\/p>\n<p>ESC\u00c1NDALO *INSEGURIDAD EN COLIMA* : No tiene fecha de caducidad, seguimos siendo nota nacional e Internacional en hechos delictivos, donde mientras se trata de minimizar los tr\u00e1gicos sucesos sangrientos delatan a quienes ya debiesen haber empleado estrategia alguna efectiva, los abrazos y no balazos es una frase\u00a0 m\u00e1s que un mecanismo de prevenci\u00f3n y control en Materia de seguridad<\/p>\n<p>PACTO DE UNIDAD: Gran Mensaje de congruencia es el que Martha Zepeda , actual secretaria del ayuntamiento de Manzanillo, lanz\u00f3 a trav\u00e9s de redes sociales, en donde palabras m\u00e1s, palabras menos dice que Morena no puede aceptar menos suscribir alg\u00fan pacto con personajes, que en el pasado reciente est\u00e1n se\u00f1alados por presuntos actos deshonestos, c\u00f3mo Virgilio Mendoza, Leoncio Mor\u00e1n, y que la Izquierda siempre combati\u00f3. Indudablemente lo dicho por Zepeda es un fiel testimonio que demerita la lucha hist\u00f3rica de la Izquierda en Colima, sin duda eso representa una mancha para la cuarta Transformaci\u00f3n, motivo por el cual, ni ella ni la alcaldesa Griselda Martinez acudieron al evento de la Dra. Claudia Sheinbaum, m\u00e1s claro no se puede. Hay sumas que restan \u00bfO no?<br \/>\nFAROS DE AGUA VANDALIZADOS: La zona conurbada Colima &#8211; Villa de \u00c1lvarez carece de seguridad,\u00a0 m\u00e1xime cuando en una noche los amantes de lo ajeno vandalizaron m\u00e1s de dos docenas de esos nobles negocios que ofertan agua para consumo humano a bajo costo, sin detener a los infractores que buscan sustraer las monedas de los mismos, no garantizando a los emprendedores microempresarios lo m\u00ednimo para la vida gregaria y comercial, c\u00f3mo lo es la paz y seguridad entre los individuos. Lamentable&#8230;<\/p>\n<p>CARLOS NOS FRIEGA:\u00a0 As\u00ed nombran al actual diputado Local, pluri y ex secretario de Finanzas del ex Gobernador Nacho Peralta, y Actual esposo de la alcaldesa de la capital, a quien la justicia Terrenal, pareciese ser, no lo va a tocar con el p\u00e9talo de una rosa, por el contrario, le da fortaleza a su compa\u00f1era de Viaje, que sue\u00f1a con la reelecci\u00f3n al mismo cargo, veremos en que para esta situaci\u00f3n de la tragicomedia de Carlos Nos Friega y Mago.<\/p>\n<p><em>*Vocero del Frente Magisterial Independiente<\/em><\/p>\n","protected":false},"excerpt":{"rendered":"<p>VIVENCIAS Carlos Alberto Olvera S\u00e1nchez* Para empezar a escribir sobre este tema a desarrollar es a petici\u00f3n de diversos ciudadanos, padres de familia, que desde el arranque del ciclo escolar hasta hoy en d\u00eda &#8211; poco m\u00e1s de medio mes de octubre &#8211; me han hecho saber del ausentismo de profesores en el Nivel B\u00e1sico,&#8230;<\/p>\n","protected":false},"author":2,"featured_media":11152,"comment_status":"open","ping_status":"open","sticky":false,"template":"","format":"standard","meta":{"footnotes":""},"categories":[11],"tags":[29,30,28],"class_list":["post-28523","post","type-post","status-publish","format-standard","has-post-thumbnail","hentry","category-opinion","tag-grid","tag-news","tag-slider"],"_links":{"self":[{"href":"http:\/\/elobservatorio.com.mx\/index.php?rest_route=\/wp\/v2\/posts\/28523"}],"collection":[{"href":"http:\/\/elobservatorio.com.mx\/index.php?rest_route=\/wp\/v2\/posts"}],"about":[{"href":"http:\/\/elobservatorio.com.mx\/index.php?rest_route=\/wp\/v2\/types\/post"}],"author":[{"embeddable":true,"href":"http:\/\/elobservatorio.com.mx\/index.php?rest_route=\/wp\/v2\/users\/2"}],"replies":[{"embeddable":true,"href":"http:\/\/elobservatorio.com.mx\/index.php?rest_route=%2Fwp%2Fv2%2Fcomments&post=28523"}],"version-history":[{"count":0,"href":"http:\/\/elobservatorio.com.mx\/index.php?rest_route=\/wp\/v2\/posts\/28523\/revisions"}],"wp:featuredmedia":[{"embeddable":true,"href":"http:\/\/elobservatorio.com.mx\/index.php?rest_route=\/wp\/v2\/media\/11152"}],"wp:attachment":[{"href":"http:\/\/elobservatorio.com.mx\/index.php?rest_route=%2Fwp%2Fv2%2Fmedia&parent=28523"}],"wp:term":[{"taxonomy":"category","embeddable":true,"href":"http:\/\/elobservatorio.com.mx\/index.php?rest_route=%2Fwp%2Fv2%2Fcategories&post=28523"},{"taxonomy":"post_tag","embeddable":true,"href":"http:\/\/elobservatorio.com.mx\/index.php?rest_route=%2Fwp%2Fv2%2Ftags&post=28523"}],"curies":[{"name":"wp","href":"https:\/\/api.w.org\/{rel}","templated":true}]}}