{"id":28525,"date":"2023-10-17T20:25:59","date_gmt":"2023-10-18T02:25:59","guid":{"rendered":"http:\/\/elobservatorio.com.mx\/?p=28525"},"modified":"2023-10-17T20:29:14","modified_gmt":"2023-10-18T02:29:14","slug":"negociacion-entre-carlos-noriega-y-viri-valencia-por-la-alcaldia-de-colima","status":"publish","type":"post","link":"http:\/\/elobservatorio.com.mx\/?p=28525","title":{"rendered":"El nuevo pacto de impunidad por la alcald\u00eda de Colima"},"content":{"rendered":"<p><strong>Observador Pol\u00edtico\u00a0<\/strong><\/p>\n<p><em>Belisario Romero S\u00e1nchez*<\/em><\/p>\n<p>Tal y como pas\u00f3 con el ex alcalde capitalino <strong>Leoncio Mor\u00e1n<\/strong>, que la\u00a0 mayoria en el congreso estatal la cual recae en los diputados de MORENA optaron por exonerarlo de la omisi\u00f3n de entregar m\u00e1s de 53 millones de pesos al Instituto\u00a0de Pensiones de los Servidores P\u00fablicos del Estado, esto respecto al\u00a0<strong>Juicio Pol\u00edtico\u00a001\/2022<\/strong>, promovido por el \u00e1rea de\u00a0<strong>J<\/strong>ubilados\u00a0y Pensionados\u00a0del\u00a0Sindicato\u00a0de Trabajadores al Servicio del Ayuntamiento de Colima, quienes acusaron al expresidente municipal de no haber entregado al\u00a0Ipecol, m\u00e1s de 12 millones de pesos correspondientes al concepto de cuotas retenidas a los trabajadores, as\u00ed como 30 millones 199 mil pesos de las aportaciones no enteradas al\u00a0Instituto\u00a0de Pensiones y el importe de 11 millones 315 mil pesos de retenciones por pr\u00e9stamos otorgados a las y los trabajadores, operaciones no fueron entregadas al Ipecol.<\/p>\n<p>En una sesi\u00f3n a puerta cerrada, en el dictamen que se ley\u00f3 por parte del presidente de la comisi\u00f3n de responsabilidades el ex priista y hoy diputado de MORENA,<strong> Armando Reyna Maga\u00f1a<\/strong>, quien siguiendo las instrucciones al pie de la letra, pero muy consciente del costo pol\u00edtico, pero ordenes son ordenes,\u00a0 perdonaron y exoneraron al ex alcalde emecista por una gran negociaci\u00f3n pol\u00edtica: apoyar a la s\u00faper delegada de los programas federales <strong>Viridiana Valencia<\/strong> a llegar a la alcaldia de Colima. Para no verse mal, buscaron un culpable y lo encontraron en quien fuera su tesorero, el Contador P\u00fablico, <strong>Armando Zamora G\u00f3nzalez<\/strong>, actualmente tesorero en el ayuntamiento de Tecom\u00e1n, que preside el morenista<strong> El\u00edas Lozano Ochoa<\/strong>.<\/p>\n<p>Viendo esa pelicula en la actual pol\u00edtica colimota, la misma escena se ve en el asunto de juicio pol\u00edtico contra quien fuera secretario de Finanzas del gobierno de Nacho Peralta, el diputado local priista, <strong>Carlos Arturo Noriega Garc\u00eda<\/strong>, que tiene un pie dentro del CERESO por el desvi\u00f3 de 70 millones de pesos, dinero de los trabajadores al servicio del gobierno del estado\u00a0 que debieron ser depositados al IPECOL.<\/p>\n<p>Como estaba dura la presi\u00f3n social del pueblo bueno y sabio de Colima, ese que les dio el voto para que MORENA gobernara porque eran diferentes, en una primera intentona y para calmar las aguas de que iban en serio contra los corruptos que saquearon las arcas estatales, hicieron todo un show que pareciera que <strong>Carlos \u00abAlushe\u00bb Noriega Garc\u00eda &#8211;<\/strong>a quien tambi\u00e9n su jefe <strong>Nacho Peralta<\/strong> culp\u00f3 del saqueo de recursos en su sexenio-,iba enfrentar la justicia y pisar la carcel, -deseo de miles de colimenses que fueron afectados por dejarlos sin recursos para medicamentos, educaci\u00f3n, seguridad, etc, etc- , fue citado a comparecer ante una autoridad judicial por el delito del que se le acusa.<\/p>\n<p>Proceso en donde hasta el momento ha salido bien librado y no se le ha hecho posible\u00a0 a los colimenses ver en prisi\u00f3n a uno de las piezas claves en el desfalco financiero colimense, tambi\u00e9n los diputados locales de MORENA han detenido el proceso de juicio pol\u00edtico para quitarlo como diputado local y enfrente la justicia <strong>sin fuero<\/strong>, pero si con millones de pesos que fueron obtenidos bajo el manto de la corrupci\u00f3n donde era el principal operador como titular de finanzas en el sexenio del priista Nacho Peralta y con ello, comprar impunidad en el proceso judicial- sobretodo porque <strong>Nacho Peralta<\/strong> como gobernador dej\u00f3 magistrados en el STJE y le deben favores-.<\/p>\n<p>Ese intervalo y tardanza de la comisi\u00f3n de responsabilidades y\u00a0 diputados de MORENA en el proceso penal y de juicio pol\u00edtico\u00a0 en contra de\u00a0 <strong>Carlos \u00abAlushe\u00bb Noriega<\/strong>, es logico o as\u00ed se ve la pelicula, es que obedece a llegar a una negociaci\u00f3n con el diputado local para que su esposa, la presidenta municipal de Colima, <strong>Margarita Moreno<\/strong> se quite del camino en su posible reelecci\u00f3n\u00a0 y pueda llegar sin problema la s\u00faper delegada de los programas federales, <strong>Viridiana Valencia Vargas, <\/strong>el fondo es ese, las formas se ir\u00e1n dando mientras se lleguen los tiempos para definir oficialmente a quienes competir\u00e1n para buscar la alcald\u00eda de Colima en este 2024.<\/p>\n<p>Y es que no son nada discretos, la gente cercana a <strong>Viri Valencia<\/strong> se les suelta la boca y ha escupido ese posible pacto de impunidad que har\u00e1n con el ex secretario de Finanzas de<strong> Nacho Peralta<\/strong> a cambio de cumplir su sue\u00f1o de llegar a la alcald\u00eda para posteriormente llegar a la gubernatura del estado. y Todavia rematan \u00abAs\u00ed como pact\u00f3 <strong>Nacho Peralta<\/strong> con <strong>Indira Vizca\u00edno<\/strong> para que llegara a la gubernatura\u00bb. Veremos de qu\u00e9 lado se pone <strong>Margarita Moreno<\/strong>, si de lado de su esposo o de su proyecto pol\u00edtico.<\/p>\n<p>De entrada ya existe duda de la lealtad de <strong>Margarita Moreno<\/strong>, si se da el pacto de impunidad, le toca ser la candidata del Frente Amplio\u00a0 puede ir a una campa\u00f1a simulada y ya va\u00a0 con una derrota anticipada para cumplir los acuerdos con <strong>Indira-Viri<\/strong>. Falta poco para verlo y decirles S E\u00a0 L O S\u00a0 D I J E.\u00a0 Al tiempo<\/p>\n<p><em>*Soy abogado y periodista\u00a0<\/em><\/p>\n<p>&nbsp;<\/p>\n<p>&nbsp;<\/p>\n<p>&nbsp;<\/p>\n<p>&nbsp;<\/p>\n<p>&nbsp;<\/p>\n<p>&nbsp;<\/p>\n<p>&nbsp;<\/p>\n<p>&nbsp;<\/p>\n<p>&nbsp;<\/p>\n<p>&nbsp;<\/p>\n","protected":false},"excerpt":{"rendered":"<p>Observador Pol\u00edtico\u00a0 Belisario Romero S\u00e1nchez* Tal y como pas\u00f3 con el ex alcalde capitalino Leoncio Mor\u00e1n, que la\u00a0 mayoria en el congreso estatal la cual recae en los diputados de MORENA optaron por exonerarlo de la omisi\u00f3n de entregar m\u00e1s de 53 millones de pesos al Instituto\u00a0de Pensiones de los Servidores P\u00fablicos del Estado, esto&#8230;<\/p>\n","protected":false},"author":2,"featured_media":28527,"comment_status":"open","ping_status":"open","sticky":false,"template":"","format":"standard","meta":{"footnotes":""},"categories":[11],"tags":[29,30,28],"class_list":["post-28525","post","type-post","status-publish","format-standard","has-post-thumbnail","hentry","category-opinion","tag-grid","tag-news","tag-slider"],"_links":{"self":[{"href":"http:\/\/elobservatorio.com.mx\/index.php?rest_route=\/wp\/v2\/posts\/28525"}],"collection":[{"href":"http:\/\/elobservatorio.com.mx\/index.php?rest_route=\/wp\/v2\/posts"}],"about":[{"href":"http:\/\/elobservatorio.com.mx\/index.php?rest_route=\/wp\/v2\/types\/post"}],"author":[{"embeddable":true,"href":"http:\/\/elobservatorio.com.mx\/index.php?rest_route=\/wp\/v2\/users\/2"}],"replies":[{"embeddable":true,"href":"http:\/\/elobservatorio.com.mx\/index.php?rest_route=%2Fwp%2Fv2%2Fcomments&post=28525"}],"version-history":[{"count":0,"href":"http:\/\/elobservatorio.com.mx\/index.php?rest_route=\/wp\/v2\/posts\/28525\/revisions"}],"wp:featuredmedia":[{"embeddable":true,"href":"http:\/\/elobservatorio.com.mx\/index.php?rest_route=\/wp\/v2\/media\/28527"}],"wp:attachment":[{"href":"http:\/\/elobservatorio.com.mx\/index.php?rest_route=%2Fwp%2Fv2%2Fmedia&parent=28525"}],"wp:term":[{"taxonomy":"category","embeddable":true,"href":"http:\/\/elobservatorio.com.mx\/index.php?rest_route=%2Fwp%2Fv2%2Fcategories&post=28525"},{"taxonomy":"post_tag","embeddable":true,"href":"http:\/\/elobservatorio.com.mx\/index.php?rest_route=%2Fwp%2Fv2%2Ftags&post=28525"}],"curies":[{"name":"wp","href":"https:\/\/api.w.org\/{rel}","templated":true}]}}