{"id":28570,"date":"2023-10-18T22:43:50","date_gmt":"2023-10-19T04:43:50","guid":{"rendered":"http:\/\/elobservatorio.com.mx\/?p=28570"},"modified":"2023-10-18T22:43:50","modified_gmt":"2023-10-19T04:43:50","slug":"cuentos-de-miedo-el-santo-y-mucho-jazz-en-el-segundo-festival-de-cine-manzanillo","status":"publish","type":"post","link":"http:\/\/elobservatorio.com.mx\/?p=28570","title":{"rendered":"Cuentos de miedo, El Santo y mucho Jazz  en el Segundo Festival de Cine Manzanillo"},"content":{"rendered":"<div class=\"xdj266r x11i5rnm xat24cr x1mh8g0r x1vvkbs x126k92a\">\n<div dir=\"auto\">\n<p>El Ayuntamiento de Manzanillo, a trav\u00e9s de la direcci\u00f3n general de Desarrollo Humano, llev\u00f3 a cabo el d\u00eda dos del Segundo Festival de Cine Manzanillo \u201cEl mar en corto\u201d, la sede del Cinema Camposanto, fue el Pante\u00f3n Municipal Teresa S. Escobar, escenario que, entre tumbas, recibi\u00f3 las letras de un escritor, el cine de culto con una pel\u00edcula del enmascarado de plata y hasta un concierto de Blues.<\/p>\n<p>Aunque la lluvia, de la tarde del martes, tuvo fuerte presencia en el municipio, a tiempo merm\u00f3 su intensidad y el Cinema Camposanto revivi\u00f3 sus actividades vespertinas para entregar entretenimiento a muchas familias que se dieron cita a los eventos gratuitos convocados por el Ayuntamiento de Manzanillo.<\/p>\n<p>Empezando la oscuridad del d\u00eda, el escritor, Valent\u00edn Chantaca, dio lectura a 3 textos de su ejemplar de cuentos, Narraciones para leerse con la luz apagada, de voz fuerte y clara, dio fluidez a sus relatos los cuales mantuvieron atentos al p\u00fablico.<\/p>\n<p>En la agenda de este Segundo Festival \u201cEl mar en corto\u201d, lleg\u00f3 el momento para el considerado cine de culto, la cinta cinematogr\u00e1fica de \u201cSanto contra las Mujeres Vampiro\u201d fue proyectada para el disfrute de las y los presentes. Esta pel\u00edcula fue estrenada el 11 de octubre de 1962, donde el \u201cenmascarado de plata\u201d comparti\u00f3 cr\u00e9ditos con actrices y actores como; Lorena Vel\u00e1zquez, Mar\u00eda Duval, Ofelia Montesco, Fernando Os\u00e9s, Xavier Loya, Nathanael Le\u00f3n, entre otros.<\/p>\n<p>Para el cierre de las actividades del Cinema Camposanto, la agrupaci\u00f3n Blues Salt trajo un gran concierto de Jazz, g\u00e9nero musical nacido a finales del siglo XIX en Estados Unidos, el cual caus\u00f3 gran amenidad.<\/p>\n<p>El Segundo Festival de Cine Manzanillo \u201cEl mar en corto\u201d, seguir\u00e1 presente hasta el pr\u00f3ximo domingo, para conocer las muestras de sus distintas sedes puede consultarse el siguiente enlace: <a href=\"https:\/\/bit.ly\/ElMarEnCorto2023\" target=\"_blank\" rel=\"noopener\">https:\/\/bit.ly\/ElMarEnCorto2023<\/a><\/p>\n<\/div>\n<\/div>\n<div class=\"x11i5rnm xat24cr x1mh8g0r x1vvkbs xtlvy1s x126k92a\"><\/div>\n<div class=\"x11i5rnm xat24cr x1mh8g0r x1vvkbs xtlvy1s x126k92a\">\n<div dir=\"auto\"><\/div>\n<\/div>\n","protected":false},"excerpt":{"rendered":"<p>El Ayuntamiento de Manzanillo, a trav\u00e9s de la direcci\u00f3n general de Desarrollo Humano, llev\u00f3 a cabo el d\u00eda dos del Segundo Festival de Cine Manzanillo \u201cEl mar en corto\u201d, la sede del Cinema Camposanto, fue el Pante\u00f3n Municipal Teresa S. Escobar, escenario que, entre tumbas, recibi\u00f3 las letras de un escritor, el cine de culto&#8230;<\/p>\n","protected":false},"author":2,"featured_media":28571,"comment_status":"open","ping_status":"open","sticky":false,"template":"","format":"standard","meta":{"footnotes":""},"categories":[35,8],"tags":[29,30,28],"class_list":["post-28570","post","type-post","status-publish","format-standard","has-post-thumbnail","hentry","category-manzanillo","category-municipios","tag-grid","tag-news","tag-slider"],"_links":{"self":[{"href":"http:\/\/elobservatorio.com.mx\/index.php?rest_route=\/wp\/v2\/posts\/28570"}],"collection":[{"href":"http:\/\/elobservatorio.com.mx\/index.php?rest_route=\/wp\/v2\/posts"}],"about":[{"href":"http:\/\/elobservatorio.com.mx\/index.php?rest_route=\/wp\/v2\/types\/post"}],"author":[{"embeddable":true,"href":"http:\/\/elobservatorio.com.mx\/index.php?rest_route=\/wp\/v2\/users\/2"}],"replies":[{"embeddable":true,"href":"http:\/\/elobservatorio.com.mx\/index.php?rest_route=%2Fwp%2Fv2%2Fcomments&post=28570"}],"version-history":[{"count":0,"href":"http:\/\/elobservatorio.com.mx\/index.php?rest_route=\/wp\/v2\/posts\/28570\/revisions"}],"wp:featuredmedia":[{"embeddable":true,"href":"http:\/\/elobservatorio.com.mx\/index.php?rest_route=\/wp\/v2\/media\/28571"}],"wp:attachment":[{"href":"http:\/\/elobservatorio.com.mx\/index.php?rest_route=%2Fwp%2Fv2%2Fmedia&parent=28570"}],"wp:term":[{"taxonomy":"category","embeddable":true,"href":"http:\/\/elobservatorio.com.mx\/index.php?rest_route=%2Fwp%2Fv2%2Fcategories&post=28570"},{"taxonomy":"post_tag","embeddable":true,"href":"http:\/\/elobservatorio.com.mx\/index.php?rest_route=%2Fwp%2Fv2%2Ftags&post=28570"}],"curies":[{"name":"wp","href":"https:\/\/api.w.org\/{rel}","templated":true}]}}