{"id":28576,"date":"2023-10-18T23:11:35","date_gmt":"2023-10-19T05:11:35","guid":{"rendered":"http:\/\/elobservatorio.com.mx\/?p=28576"},"modified":"2023-10-18T23:11:35","modified_gmt":"2023-10-19T05:11:35","slug":"en-accion-operativa-recupera-fge-objeto-robado-de-un-jardin-de-ninos","status":"publish","type":"post","link":"http:\/\/elobservatorio.com.mx\/?p=28576","title":{"rendered":"En acci\u00f3n operativa, recupera FGE objeto robado de un Jard\u00edn de Ni\u00f1os"},"content":{"rendered":"<p><em>*Esta diligencia fue realizada en coordinaci\u00f3n con elementos de la Polic\u00eda Municipal de Villa de \u00c1lvarez quienes apoyaron en actos de investigaci\u00f3n<\/em><\/p>\n<p><em>*Esta acci\u00f3n es derivada de convenios realizados por la Fiscal\u00eda General con Instituciones de seguridad p\u00fablica estatal y municipal como Tecom\u00e1n y Villa de \u00c1lvarez, estableciendo labores de investigaci\u00f3n por parte de sus elementos en el esclarecimiento de hechos delictivos<\/em><\/p>\n<p>En cumplimiento a una orden de cateo obsequiada por un Juez de Control, personal de esta Fiscal\u00eda General del Estado (FGE) y de la Polic\u00eda Municipal de Villa de \u00c1lvarez, recuperaron un aparato electr\u00f3nico relacionado en el delito de robo calificado, mismo que se encontraba al interior de una vivienda de la colonia Solidaridad.<\/p>\n<p>Una vez llev\u00e1ndose a cabo el ordenamiento judicial, al ingresar al inmueble, el personal localiz\u00f3 y asegur\u00f3 una televisi\u00f3n marca Sharp, color negro de 60 pulgadas con etiqueta del Jard\u00edn de Ni\u00f1os \u201cMargarita Madrid Fuentes\u201d, por lo que fue asegurada y puesta a disposici\u00f3n de la autoridad ministerial para las investigaciones correspondientes.<\/p>\n<p>Cabe destacar que de acuerdo a los datos que constan en la carpeta de investigaci\u00f3n, se pudo establecer que dicha televisi\u00f3n fue robada de las instalaciones de la escuela referida.<\/p>\n<p>Por ello y tras ser presentada la denuncia correspondiente, se dio inicio a las indagatorias las cuales permitieron solicitar ante el \u00f3rgano judicial la respectiva orden de cateo que fue cumplimentada atendiendo en todo momento la garant\u00eda y respeto a los derechos humanos.<\/p>\n<p>Las labores de investigaci\u00f3n contin\u00faan y conforme se obtengan avances en torno a este hecho, se estar\u00e1 haciendo de conocimiento a trav\u00e9s de los conductos oficiales de esta representaci\u00f3n social.<\/p>\n","protected":false},"excerpt":{"rendered":"<p>*Esta diligencia fue realizada en coordinaci\u00f3n con elementos de la Polic\u00eda Municipal de Villa de \u00c1lvarez quienes apoyaron en actos de investigaci\u00f3n *Esta acci\u00f3n es derivada de convenios realizados por la Fiscal\u00eda General con Instituciones de seguridad p\u00fablica estatal y municipal como Tecom\u00e1n y Villa de \u00c1lvarez, estableciendo labores de investigaci\u00f3n por parte de sus&#8230;<\/p>\n","protected":false},"author":2,"featured_media":28577,"comment_status":"open","ping_status":"open","sticky":false,"template":"","format":"standard","meta":{"footnotes":""},"categories":[15],"tags":[29,30,28],"class_list":["post-28576","post","type-post","status-publish","format-standard","has-post-thumbnail","hentry","category-seguridad-y-justicia","tag-grid","tag-news","tag-slider"],"_links":{"self":[{"href":"http:\/\/elobservatorio.com.mx\/index.php?rest_route=\/wp\/v2\/posts\/28576"}],"collection":[{"href":"http:\/\/elobservatorio.com.mx\/index.php?rest_route=\/wp\/v2\/posts"}],"about":[{"href":"http:\/\/elobservatorio.com.mx\/index.php?rest_route=\/wp\/v2\/types\/post"}],"author":[{"embeddable":true,"href":"http:\/\/elobservatorio.com.mx\/index.php?rest_route=\/wp\/v2\/users\/2"}],"replies":[{"embeddable":true,"href":"http:\/\/elobservatorio.com.mx\/index.php?rest_route=%2Fwp%2Fv2%2Fcomments&post=28576"}],"version-history":[{"count":0,"href":"http:\/\/elobservatorio.com.mx\/index.php?rest_route=\/wp\/v2\/posts\/28576\/revisions"}],"wp:featuredmedia":[{"embeddable":true,"href":"http:\/\/elobservatorio.com.mx\/index.php?rest_route=\/wp\/v2\/media\/28577"}],"wp:attachment":[{"href":"http:\/\/elobservatorio.com.mx\/index.php?rest_route=%2Fwp%2Fv2%2Fmedia&parent=28576"}],"wp:term":[{"taxonomy":"category","embeddable":true,"href":"http:\/\/elobservatorio.com.mx\/index.php?rest_route=%2Fwp%2Fv2%2Fcategories&post=28576"},{"taxonomy":"post_tag","embeddable":true,"href":"http:\/\/elobservatorio.com.mx\/index.php?rest_route=%2Fwp%2Fv2%2Ftags&post=28576"}],"curies":[{"name":"wp","href":"https:\/\/api.w.org\/{rel}","templated":true}]}}