{"id":28579,"date":"2023-10-18T23:23:06","date_gmt":"2023-10-19T05:23:06","guid":{"rendered":"http:\/\/elobservatorio.com.mx\/?p=28579"},"modified":"2023-10-18T23:23:06","modified_gmt":"2023-10-19T05:23:06","slug":"cumple-tey-gutierrez-con-la-clase-trabajadora","status":"publish","type":"post","link":"http:\/\/elobservatorio.com.mx\/?p=28579","title":{"rendered":"Cumple Tey Guti\u00e9rrez con la clase trabajadora"},"content":{"rendered":"<p>*Entrega uniformes al personal de Servicios P\u00fablicos Generales *Reconoce su esfuerzo y dedicaci\u00f3n por tener un mejor municipio<\/p>\n<p>Villa de \u00c1lvarez, Col.- La Presidenta Municipal Tey Guti\u00e9rrez Andrade, reconoci\u00f3 y agradeci\u00f3 la empat\u00eda de todos los trabajadores y trabajadoras del Ayuntamiento de Villa de \u00c1lvarez que han participado en la reconstrucci\u00f3n del municipio, luego de los estragos que dej\u00f3 el paso del hurac\u00e1n \u00abLidia\u00bb.<\/p>\n<p>Durante un evento donde realiz\u00f3 la entrega de uniformes a personal del \u00e1rea de Servicios P\u00fablicos Generales, la Alcaldesa dijo sentirse orgullosa del equipo que se ha conformado con todos y cada uno de los trabajadores del Ayuntamiento, pues refiri\u00f3, se han puesto a la altura de las situaciones durante las emergencias por las lluvias y los fen\u00f3menos meteorol\u00f3gicos que recientemente han azotado la entidad.<\/p>\n<p>\u201cEl hurac\u00e1n Lidia vino a triplicar el trabajo que ya se hac\u00eda y ustedes (trabajadores) no han escatimado el esfuerzo para trabajar y hacer equipo con nosotros y de esta manera darle resultados a la poblaci\u00f3n\u201d, coment\u00f3.<\/p>\n<p>Tey Guti\u00e9rrez dijo que en su Administraci\u00f3n Municipal no se escatimar\u00e1n esfuerzos para seguir trabajando de la mano con el personal de todas las \u00e1reas para llevar beneficios a los villalvarenses, \u201cporque s\u00e9 que solamente haciendo equipo con ustedes podemos resolver las diferentes problem\u00e1ticas que se generaron a partir del hurac\u00e1n Lidia\u201d.<\/p>\n<p>En su intervenci\u00f3n, Alfredo Ch\u00e1vez Gonz\u00e1lez, Secretario del Ayuntamiento, indic\u00f3 que la entrega de uniformes enmarca la vocaci\u00f3n que tiene la Administraci\u00f3n Municipal de siempre estar del lado de los trabajadores, verificar sus necesidades y garantizar que sean atendidas de manera inmediata.<\/p>\n<p>\u201cAs\u00ed como se viene cumpliendo con la adquisici\u00f3n de herramientas, tambi\u00e9n se cumple con la entrega de uniformes, para que cada uno de los compa\u00f1eros tenga ese material distintivo, que lo porte con orgullo y que los distinga como trabajadores del Ayuntamiento de Villa de \u00c1lvarez\u201d, puntualiz\u00f3.<\/p>\n<p>Por su parte, la Secretaria General del Sindicato de Trabajadores al Servicio del Ayuntamiento y Organismos Descentralizados, Teresa Ram\u00edrez Guzm\u00e1n, reconoci\u00f3 el puntual cumplimiento de la presidenta Tey Guti\u00e9rrez, tanto con los pagos de sus derechos como en la entrega de uniformes y otras herramientas de trabajo.<\/p>\n<p>Invit\u00f3 al personal a seguir fortaleciendo las pol\u00edticas p\u00fablicas del Gobierno Municipal, pero sobre todo, a seguir dando de qu\u00e9 hablar sobre el trabajo oportuno del Ayuntamiento en las calles del municipio.<\/p>\n<p>A nombre de los trabajadores, Ra\u00fal Dolores Villalvazo, integrante del \u00e1rea de Parques y Jardines, agradeci\u00f3 a Tey Guti\u00e9rrez el inter\u00e9s porque cada uno de los trabajadores de esta \u00e1rea cuenten con las condiciones necesarias para cumplirle d\u00eda a d\u00eda a los villalvarenses.<\/p>\n","protected":false},"excerpt":{"rendered":"<p>*Entrega uniformes al personal de Servicios P\u00fablicos Generales *Reconoce su esfuerzo y dedicaci\u00f3n por tener un mejor municipio Villa de \u00c1lvarez, Col.- La Presidenta Municipal Tey Guti\u00e9rrez Andrade, reconoci\u00f3 y agradeci\u00f3 la empat\u00eda de todos los trabajadores y trabajadoras del Ayuntamiento de Villa de \u00c1lvarez que han participado en la reconstrucci\u00f3n del municipio, luego de&#8230;<\/p>\n","protected":false},"author":2,"featured_media":28580,"comment_status":"open","ping_status":"open","sticky":false,"template":"","format":"standard","meta":{"footnotes":""},"categories":[8,42],"tags":[29,30,28],"class_list":["post-28579","post","type-post","status-publish","format-standard","has-post-thumbnail","hentry","category-municipios","category-villa-de-alvarez","tag-grid","tag-news","tag-slider"],"_links":{"self":[{"href":"http:\/\/elobservatorio.com.mx\/index.php?rest_route=\/wp\/v2\/posts\/28579"}],"collection":[{"href":"http:\/\/elobservatorio.com.mx\/index.php?rest_route=\/wp\/v2\/posts"}],"about":[{"href":"http:\/\/elobservatorio.com.mx\/index.php?rest_route=\/wp\/v2\/types\/post"}],"author":[{"embeddable":true,"href":"http:\/\/elobservatorio.com.mx\/index.php?rest_route=\/wp\/v2\/users\/2"}],"replies":[{"embeddable":true,"href":"http:\/\/elobservatorio.com.mx\/index.php?rest_route=%2Fwp%2Fv2%2Fcomments&post=28579"}],"version-history":[{"count":0,"href":"http:\/\/elobservatorio.com.mx\/index.php?rest_route=\/wp\/v2\/posts\/28579\/revisions"}],"wp:featuredmedia":[{"embeddable":true,"href":"http:\/\/elobservatorio.com.mx\/index.php?rest_route=\/wp\/v2\/media\/28580"}],"wp:attachment":[{"href":"http:\/\/elobservatorio.com.mx\/index.php?rest_route=%2Fwp%2Fv2%2Fmedia&parent=28579"}],"wp:term":[{"taxonomy":"category","embeddable":true,"href":"http:\/\/elobservatorio.com.mx\/index.php?rest_route=%2Fwp%2Fv2%2Fcategories&post=28579"},{"taxonomy":"post_tag","embeddable":true,"href":"http:\/\/elobservatorio.com.mx\/index.php?rest_route=%2Fwp%2Fv2%2Ftags&post=28579"}],"curies":[{"name":"wp","href":"https:\/\/api.w.org\/{rel}","templated":true}]}}