{"id":28586,"date":"2023-10-21T18:51:32","date_gmt":"2023-10-22T00:51:32","guid":{"rendered":"http:\/\/elobservatorio.com.mx\/?p=28586"},"modified":"2023-10-21T18:51:32","modified_gmt":"2023-10-22T00:51:32","slug":"consejo-general-del-iee-colima-conoce-informes-trimestrales-de-sus-comisiones","status":"publish","type":"post","link":"http:\/\/elobservatorio.com.mx\/?p=28586","title":{"rendered":"Consejo General del IEE Colima conoce informes trimestrales de sus Comisiones"},"content":{"rendered":"<p><em>*Modifica convocatoria para selecci\u00f3n y designaci\u00f3n de consejer\u00edas vacantes en sus Consejos Municipales Electorales<\/em><\/p>\n<p>Durante la Primera Sesi\u00f3n Ordinaria del Proceso Electoral Local 2023-2024, celebrada este s\u00e1bado 21 de octubre; el Consejo General del Instituto Electoral del Estado de Colima (IEE) conoci\u00f3 los Informes Trimestrales de diferentes Comisiones y aprob\u00f3 la modificaci\u00f3n de la Convocatoria para la selecci\u00f3n y designaci\u00f3n de las personas que ocupar\u00e1n las Consejer\u00edas Municipales Electorales Propietaria y Suplentes que est\u00e1n vacantes.<\/p>\n<p>En ese sentido, fueron presentados los Informes Trimestrales que rinden las Comisiones de Editorial y Medios de Comunicaci\u00f3n; Seguimiento al Servicio Profesional Electoral Nacional; Asuntos Jur\u00eddicos; Organizaci\u00f3n Electoral; Administraci\u00f3n, Prerrogativas y Partidos Pol\u00edticos, en t\u00e9rminos de lo estipulado en el art\u00edculo 25 del Reglamento de Comisiones del Consejo General.<\/p>\n<p>Los documentos dan cuenta de los trabajos y actividades en diferentes \u00e1reas del Instituto Electoral del Estado de Colima, correspondientes al tercer trimestre de este a\u00f1o, evidenciando que durante julio, agosto y septiembre se efectuaron diversas tareas, principalmente encaminadas al inicio del Proceso Electoral Local 2023-2024, entre ellas la aprobaci\u00f3n de lineamientos para el buen desarrollo de la organizaci\u00f3n electoral, as\u00ed como programas y labores permanentes en materia administrativa, jur\u00eddica y editorial.<\/p>\n<p>En otro punto del Orden del D\u00eda, el \u00d3rgano Superior de Direcci\u00f3n aprob\u00f3 la modificaci\u00f3n de la Convocatoria sobre las Consejer\u00edas Municipales Electorales Propietaria y Suplentes que est\u00e1n vacantes, a efecto de que se considere dentro de la misma la selecci\u00f3n y designaci\u00f3n de la Consejer\u00eda Electoral Propietaria que se requiere para el Consejo Municipal Electoral (CME) de Cuauht\u00e9moc, luego de la renuncia de quien fung\u00eda como Consejera Presidenta del mismo \u00f3rgano municipal electoral.<\/p>\n<p>La convocatoria permanece abierta para ocupar las Consejer\u00edas Electorales Suplentes que se encuentran vacantes, o han manifestado su decisi\u00f3n de no continuar en el \u00a0cargo, en los Consejos Municipales Electoral de Armer\u00eda, Coquimatl\u00e1n, Cuauht\u00e9moc, Ixtlahuac\u00e1n y Manzanillo. Los requisitos, fechas y dem\u00e1s detalles pueden consultarse en la p\u00e1gina oficial del instituto: www.ieecolima.org.mx<\/p>\n<p>En la sesi\u00f3n de este s\u00e1bado tambi\u00e9n se present\u00f3 el Informe que rinde la Secretar\u00eda Ejecutiva del Consejo General y fueron aprobadas actas de sesiones anteriores.<\/p>\n","protected":false},"excerpt":{"rendered":"<p>*Modifica convocatoria para selecci\u00f3n y designaci\u00f3n de consejer\u00edas vacantes en sus Consejos Municipales Electorales Durante la Primera Sesi\u00f3n Ordinaria del Proceso Electoral Local 2023-2024, celebrada este s\u00e1bado 21 de octubre; el Consejo General del Instituto Electoral del Estado de Colima (IEE) conoci\u00f3 los Informes Trimestrales de diferentes Comisiones y aprob\u00f3 la modificaci\u00f3n de la Convocatoria&#8230;<\/p>\n","protected":false},"author":2,"featured_media":28587,"comment_status":"open","ping_status":"open","sticky":false,"template":"","format":"standard","meta":{"footnotes":""},"categories":[12],"tags":[29,30,28],"class_list":["post-28586","post","type-post","status-publish","format-standard","has-post-thumbnail","hentry","category-sociedad","tag-grid","tag-news","tag-slider"],"_links":{"self":[{"href":"http:\/\/elobservatorio.com.mx\/index.php?rest_route=\/wp\/v2\/posts\/28586"}],"collection":[{"href":"http:\/\/elobservatorio.com.mx\/index.php?rest_route=\/wp\/v2\/posts"}],"about":[{"href":"http:\/\/elobservatorio.com.mx\/index.php?rest_route=\/wp\/v2\/types\/post"}],"author":[{"embeddable":true,"href":"http:\/\/elobservatorio.com.mx\/index.php?rest_route=\/wp\/v2\/users\/2"}],"replies":[{"embeddable":true,"href":"http:\/\/elobservatorio.com.mx\/index.php?rest_route=%2Fwp%2Fv2%2Fcomments&post=28586"}],"version-history":[{"count":0,"href":"http:\/\/elobservatorio.com.mx\/index.php?rest_route=\/wp\/v2\/posts\/28586\/revisions"}],"wp:featuredmedia":[{"embeddable":true,"href":"http:\/\/elobservatorio.com.mx\/index.php?rest_route=\/wp\/v2\/media\/28587"}],"wp:attachment":[{"href":"http:\/\/elobservatorio.com.mx\/index.php?rest_route=%2Fwp%2Fv2%2Fmedia&parent=28586"}],"wp:term":[{"taxonomy":"category","embeddable":true,"href":"http:\/\/elobservatorio.com.mx\/index.php?rest_route=%2Fwp%2Fv2%2Fcategories&post=28586"},{"taxonomy":"post_tag","embeddable":true,"href":"http:\/\/elobservatorio.com.mx\/index.php?rest_route=%2Fwp%2Fv2%2Ftags&post=28586"}],"curies":[{"name":"wp","href":"https:\/\/api.w.org\/{rel}","templated":true}]}}