{"id":28589,"date":"2023-10-21T20:09:32","date_gmt":"2023-10-22T02:09:32","guid":{"rendered":"http:\/\/elobservatorio.com.mx\/?p=28589"},"modified":"2023-10-21T20:09:32","modified_gmt":"2023-10-22T02:09:32","slug":"reabre-udec-casa-del-volcan-para-todo-publico","status":"publish","type":"post","link":"http:\/\/elobservatorio.com.mx\/?p=28589","title":{"rendered":"Reabre UdeC Casa del Volc\u00e1n, para todo p\u00fablico"},"content":{"rendered":"<p><em>*Cuenta con informaci\u00f3n sobre qu\u00e9 son los volcanes, los tipos de vulcanismo, morfolog\u00eda de los volcanes, tipos de erupciones, \u00edndice de explosividad volc\u00e1nica, volcanes de M\u00e9xico, el Volc\u00e1n de Fuego de Colima y m\u00e1s temas.<\/em><\/p>\n<p>Con la presencia del rector Christian Jorge Torres Ortiz Zerme\u00f1o, de la comunidad universitaria y p\u00fablico en general, se realiz\u00f3 este s\u00e1bado la reapertura del centro de divulgaci\u00f3n cient\u00edfica y museo La Casa del Volc\u00e1n, un espacio que destinado a dar a conocer la actividad volc\u00e1nica del planeta y particularmente del Complejo Volc\u00e1nico de Colima, en un ambiente seguro y amigable para el visitante. Se encuentra localizada en el kil\u00f3metro 15.5 de la carretera El Chivato \u2013 El Naranjal.<\/p>\n<p>En su discurso, Christian Torres Ortiz record\u00f3 los retos que debieron enfrentar para reabrir la Casa del Volc\u00e1n y la gran importancia que tiene y tendr\u00e1 para Colima; \u201cy se pens\u00f3 en un marco de celebraci\u00f3n como son los festejos por el 83 Aniversario de la Universidad, para conjuntar adem\u00e1s los esfuerzos de todo el personal y todas las instancias involucradas en el proyecto\u201d.<\/p>\n<p>Adem\u00e1s, solicit\u00f3 el apoyo de todos los presentes y de la comunidad universitaria en general para dar a conocer la Casa del Volc\u00e1n a la mayor cantidad de personas, ya que no es un espacio pensado s\u00f3lo para investigadores o integrantes de la comunidad universitaria, sino para toda la sociedad colimense y los visitantes que lleguen desde cualquier parte del mundo: \u201csin importar desde la trinchera en la que est\u00e9n, les pedimos que nos ayuden a difundir, porque la Universidad est\u00e1 haciendo un gran esfuerzo para reabrir este espacio\u201d.<\/p>\n<p>Finalmente, dijo que en esta primera etapa de su desarrollo, La Casa del Volc\u00e1n estar\u00e1 abierta a todo p\u00fablico a partir de la pr\u00f3xima semana, de jueves a s\u00e1bado, de 9:00 a 15:00 horas.<\/p>\n<p>Por su parte, el responsable del proyecto de la Casa del Volc\u00e1n e investigador universitario, Mauricio Bret\u00f3n Gonz\u00e1lez, dio a conocer en su mensaje que este espacio es un centro de divulgaci\u00f3n del conocimiento sobre la actividad volc\u00e1nica del planeta y en particular sobre los procesos eruptivos del Complejo Volc\u00e1nico de Colima, que incluye a los volcanes Nevado y de Fuego.<\/p>\n<p>Agreg\u00f3 que es un espacio que busca ser un punto de encuentro donde los visitantes podr\u00e1n conocer m\u00e1s sobre vulcanismo y de la actividad que ocurre en el interior del planeta, pero desde un entorno amigable y seguro; \u201cqueremos mostrar las amenazas de la actividad volc\u00e1nica, pero tambi\u00e9n ense\u00f1ar y disfrutar la belleza y los beneficios que tenemos al vivir cerca de un volc\u00e1n en actividad\u201d.<\/p>\n<p>Explic\u00f3 que la Casa del Volc\u00e1n consta de un predio de 20 mil 556 metros cuadrados que contar\u00e1, cuando se encuentre funcionando a su m\u00e1xima capacidad, con un museo dedicado a la actividad volc\u00e1nica, un observatorio para el monitoreo volc\u00e1nico, tienda para venta de libros, fotograf\u00edas, artesan\u00edas locales, regalos, productos alimenticios de la regi\u00f3n, una cafeter\u00eda restaurante, un \u00e1rea de juegos infantiles, un sal\u00f3n para cursos y conferencias, un \u00e1rea de binoculares, amplios jardines, \u00e1rea de camping, una caba\u00f1a de descanso, un apiario, \u00e1rea de cultivo de caf\u00e9, as\u00ed como un sendero geol\u00f3gico y todo ello acompa\u00f1ado de una excelente vista hacia los volcanes.<\/p>\n<p>Dijo tambi\u00e9n que La Casa del Volc\u00e1n es un espacio \u00fanico en el pa\u00eds, en el que se podr\u00e1 disfrutar y ver, en tiempo real, lo que el volc\u00e1n de fuego est\u00e1 generando, con base en el monitoreo que la Universidad de Colima viene desarrollando desde el Centro Universitario de Estudios Vulcanol\u00f3gicos, a trav\u00e9s de sus dos \u00e1reas: el Observatorio Vulcanol\u00f3gico y la Red S\u00edsmica de Colima.<\/p>\n<p>Al hablar sobre las tem\u00e1ticas que el visitante podr\u00e1 encontrar en La Casa del Volc\u00e1n, el investigador detall\u00f3 que se encuentra informaci\u00f3n sobre qu\u00e9 son los volcanes, el origen de la palabra volc\u00e1n, el Cintur\u00f3n de Fuego del Pac\u00edfico, los tipos de vulcanismo, morfolog\u00eda de los volcanes, tipos de erupciones, \u00edndice de explosividad volc\u00e1nica, volcanes de M\u00e9xico, el Volc\u00e1n de Fuego de Colima, Actividad Hist\u00f3rica del Volc\u00e1n de Colima, su actividad reciente, riesgo volc\u00e1nico, mapa de escenarios, c\u00f3mo se vigila un volc\u00e1n, qu\u00e9 hacer antes, durante y despu\u00e9s de una erupci\u00f3n volc\u00e1nica, biodiversidad, geoturismo en territorios volc\u00e1nicos y c\u00f3mo se puede vivir entre volcanes, entre otros.<\/p>\n<p>Adem\u00e1s, se\u00f1al\u00f3 que este espacio cuenta con pantallas con el monitoreo en tiempo real, un simulador de sismos, dos maquetas (una sobre el proceso de subducci\u00f3n y otra sobre el estado de Colima), mesa de muestras geol\u00f3gicas, as\u00ed como obras pict\u00f3ricas y fotograf\u00edas de destacados artistas.<\/p>\n<p>Al evento acudieron tambi\u00e9n la presidenta del Voluntariado, Blanca Liliana D\u00edaz; el secretario general de la UdeC, Joel Nino; la coordinadora general de Investigaci\u00f3n, X\u00f3chitl Trujillo; la directora general de Recursos Materiales, Luz Mar\u00eda Urz\u00faa; el director General de Patrimonio Cultural, David Rodr\u00edguez y el director del Centro Universitario de Estudios Vulcanol\u00f3gicos, Ra\u00fal Ar\u00e1mbula Mendoza, entre otros funcionarios e investigadores de la Universidad de Colima.<\/p>\n<p>&nbsp;<\/p>\n<p>&nbsp;<\/p>\n","protected":false},"excerpt":{"rendered":"<p>*Cuenta con informaci\u00f3n sobre qu\u00e9 son los volcanes, los tipos de vulcanismo, morfolog\u00eda de los volcanes, tipos de erupciones, \u00edndice de explosividad volc\u00e1nica, volcanes de M\u00e9xico, el Volc\u00e1n de Fuego de Colima y m\u00e1s temas. Con la presencia del rector Christian Jorge Torres Ortiz Zerme\u00f1o, de la comunidad universitaria y p\u00fablico en general, se realiz\u00f3&#8230;<\/p>\n","protected":false},"author":2,"featured_media":28590,"comment_status":"open","ping_status":"open","sticky":false,"template":"","format":"standard","meta":{"footnotes":""},"categories":[14],"tags":[29,30,28],"class_list":["post-28589","post","type-post","status-publish","format-standard","has-post-thumbnail","hentry","category-educacion-y-cultura","tag-grid","tag-news","tag-slider"],"_links":{"self":[{"href":"http:\/\/elobservatorio.com.mx\/index.php?rest_route=\/wp\/v2\/posts\/28589"}],"collection":[{"href":"http:\/\/elobservatorio.com.mx\/index.php?rest_route=\/wp\/v2\/posts"}],"about":[{"href":"http:\/\/elobservatorio.com.mx\/index.php?rest_route=\/wp\/v2\/types\/post"}],"author":[{"embeddable":true,"href":"http:\/\/elobservatorio.com.mx\/index.php?rest_route=\/wp\/v2\/users\/2"}],"replies":[{"embeddable":true,"href":"http:\/\/elobservatorio.com.mx\/index.php?rest_route=%2Fwp%2Fv2%2Fcomments&post=28589"}],"version-history":[{"count":0,"href":"http:\/\/elobservatorio.com.mx\/index.php?rest_route=\/wp\/v2\/posts\/28589\/revisions"}],"wp:featuredmedia":[{"embeddable":true,"href":"http:\/\/elobservatorio.com.mx\/index.php?rest_route=\/wp\/v2\/media\/28590"}],"wp:attachment":[{"href":"http:\/\/elobservatorio.com.mx\/index.php?rest_route=%2Fwp%2Fv2%2Fmedia&parent=28589"}],"wp:term":[{"taxonomy":"category","embeddable":true,"href":"http:\/\/elobservatorio.com.mx\/index.php?rest_route=%2Fwp%2Fv2%2Fcategories&post=28589"},{"taxonomy":"post_tag","embeddable":true,"href":"http:\/\/elobservatorio.com.mx\/index.php?rest_route=%2Fwp%2Fv2%2Ftags&post=28589"}],"curies":[{"name":"wp","href":"https:\/\/api.w.org\/{rel}","templated":true}]}}