{"id":28679,"date":"2023-11-07T15:03:01","date_gmt":"2023-11-07T21:03:01","guid":{"rendered":"http:\/\/elobservatorio.com.mx\/?p=28679"},"modified":"2023-11-07T15:03:01","modified_gmt":"2023-11-07T21:03:01","slug":"arranca-margarita-moreno-segunda-campana-de-esterilizacion-gratuita-para-mascotas","status":"publish","type":"post","link":"http:\/\/elobservatorio.com.mx\/?p=28679","title":{"rendered":"Arranca Margarita Moreno segunda campa\u00f1a de esterilizaci\u00f3n gratuita para mascotas"},"content":{"rendered":"<p><em>*Iniciar\u00e1 del 18 de noviembre y concluir\u00e1 el 02 de marzo del pr\u00f3ximo a\u00f1o, inform\u00f3 la presidenta municipal \u00a0<\/em><br aria-hidden=\"true\" \/><br aria-hidden=\"true\" \/>En rueda de prensa, la presidenta municipal de Colima, Margarita Moreno inform\u00f3 sobre el arranque de la Segunda Etapa de la Campa\u00f1a de Esterilizaci\u00f3n 2023 \u00a0&#8211; 2024, cuya meta es llegar a las 1,500 cirug\u00edas en mascotas en este 2023, dentro del Centro de Control Canino y Felino.<br aria-hidden=\"true\" \/><br aria-hidden=\"true\" \/>\u00abCelebro esta campa\u00f1a de esterilizaci\u00f3n totalmente gratuita. Por supuesto celebro tambi\u00e9n lo que nos comprometimos desde el primer d\u00eda: que las acciones las \u00edbamos a realizar tanto en las colonias como en las comunidades\u00bb, afirm\u00f3 en su mensaje.<br aria-hidden=\"true\" \/><br aria-hidden=\"true\" \/>Afirm\u00f3 que muchas veces se les dificulta a las personas de las comunidades asistir al centro de la capital, porque habr\u00e1 brigadas m\u00f3viles para as\u00ed poder esterilizar a m\u00e1s mascotas, en beneficio de las familias de Colima.<br aria-hidden=\"true\" \/><br aria-hidden=\"true\" \/>As\u00ed mismo, record\u00f3 que esta campa\u00f1a de esterilizaci\u00f3n estar\u00e1 de forma permanente en el Centro de Control Canino y Felino, ubicado en el km 3.5 del Blvd. Carlos de la Madrid B\u00e9jar, cerca de la Central de los Rojos.<br aria-hidden=\"true\" \/><br aria-hidden=\"true\" \/>En su intervenci\u00f3n, la directora general de Servicios P\u00fablicos, Itzel Luna Corral, precis\u00f3 que se tiene como meta realizar 1,500 esterilizaciones, lo que representa un cumplimiento de m\u00e1s del 33% de las esterilizaciones del a\u00f1o pasado.<br aria-hidden=\"true\" \/><br aria-hidden=\"true\" \/>Resalt\u00f3 que por la v\u00eda comercial, cada cirug\u00eda puede tener un costo superior a los 500 pesos, hasta los 2 mil, dependiendo el peso y talla de la mascota, mismas que en Colima ser\u00e1n completamente gratuitas<br aria-hidden=\"true\" \/><br aria-hidden=\"true\" \/>Por su parte, el m\u00e9dico zootecnista Carlos Santos Medina, \u00a0inform\u00f3 que esta campa\u00f1a inicia a las 9:00 de la ma\u00f1ana en las siguientes fechas y comunidades: el Chanal el 18 de noviembre y en Tepames, el 02 de diciembre; y pidi\u00f3 estar atentos a las redes sociales del Gobierno Municipal de Colima y de Margarita Moreno, para pr\u00f3ximas fechas y comunidades.<br aria-hidden=\"true\" \/><br aria-hidden=\"true\" \/>Indic\u00f3 que los requisitos son llevar a las mascotas con un ayuno de 08 horas previas, no estar en celo ni gestaci\u00f3n, llevar a la mascota \u00a0limpia, \u00a0libre de pulgas y garrapatas, llevar una manta o toalla para cubrir al animal despu\u00e9s de la cirug\u00eda.<br aria-hidden=\"true\" \/><br aria-hidden=\"true\" \/>Recomend\u00f3 que en el caso de s\u00ed es gato, con caja transportadora o arpilla y caja de cart\u00f3n para poder trasladarlos. Asimismo, agreg\u00f3 que se solicita una copia del comprobante de domicilio del municipio de Colima, as\u00ed como una copia del INE del propietario, as\u00ed como la firma o una responsiva para realizar cirug\u00eda.<br aria-hidden=\"true\" \/><br aria-hidden=\"true\" \/>Puntualiz\u00f3 que las mascotas tienen que ser mayores de 4 meses hasta 6 a\u00f1os, con un peso no mayor de \u00a00 kgs. Ser\u00e1n m\u00e1ximo 2 mascotas por familia, y el l\u00edmite de esterilizaciones en localidad rural (20 mascotas).<br aria-hidden=\"true\" \/><br aria-hidden=\"true\" \/>Finalmente, para m\u00e1s informaci\u00f3n, pueden llamar al tel. 312 316 38 73 \u00f3 acudir al Centro de Control Canino y Felino de Colima.<\/p>\n","protected":false},"excerpt":{"rendered":"<p>*Iniciar\u00e1 del 18 de noviembre y concluir\u00e1 el 02 de marzo del pr\u00f3ximo a\u00f1o, inform\u00f3 la presidenta municipal \u00a0En rueda de prensa, la presidenta municipal de Colima, Margarita Moreno inform\u00f3 sobre el arranque de la Segunda Etapa de la Campa\u00f1a de Esterilizaci\u00f3n 2023 \u00a0&#8211; 2024, cuya meta es llegar a las 1,500 cirug\u00edas en mascotas&#8230;<\/p>\n","protected":false},"author":2,"featured_media":28680,"comment_status":"open","ping_status":"open","sticky":false,"template":"","format":"standard","meta":{"footnotes":""},"categories":[36,8],"tags":[29,30,28],"class_list":["post-28679","post","type-post","status-publish","format-standard","has-post-thumbnail","hentry","category-colima","category-municipios","tag-grid","tag-news","tag-slider"],"_links":{"self":[{"href":"http:\/\/elobservatorio.com.mx\/index.php?rest_route=\/wp\/v2\/posts\/28679"}],"collection":[{"href":"http:\/\/elobservatorio.com.mx\/index.php?rest_route=\/wp\/v2\/posts"}],"about":[{"href":"http:\/\/elobservatorio.com.mx\/index.php?rest_route=\/wp\/v2\/types\/post"}],"author":[{"embeddable":true,"href":"http:\/\/elobservatorio.com.mx\/index.php?rest_route=\/wp\/v2\/users\/2"}],"replies":[{"embeddable":true,"href":"http:\/\/elobservatorio.com.mx\/index.php?rest_route=%2Fwp%2Fv2%2Fcomments&post=28679"}],"version-history":[{"count":1,"href":"http:\/\/elobservatorio.com.mx\/index.php?rest_route=\/wp\/v2\/posts\/28679\/revisions"}],"predecessor-version":[{"id":28681,"href":"http:\/\/elobservatorio.com.mx\/index.php?rest_route=\/wp\/v2\/posts\/28679\/revisions\/28681"}],"wp:featuredmedia":[{"embeddable":true,"href":"http:\/\/elobservatorio.com.mx\/index.php?rest_route=\/wp\/v2\/media\/28680"}],"wp:attachment":[{"href":"http:\/\/elobservatorio.com.mx\/index.php?rest_route=%2Fwp%2Fv2%2Fmedia&parent=28679"}],"wp:term":[{"taxonomy":"category","embeddable":true,"href":"http:\/\/elobservatorio.com.mx\/index.php?rest_route=%2Fwp%2Fv2%2Fcategories&post=28679"},{"taxonomy":"post_tag","embeddable":true,"href":"http:\/\/elobservatorio.com.mx\/index.php?rest_route=%2Fwp%2Fv2%2Ftags&post=28679"}],"curies":[{"name":"wp","href":"https:\/\/api.w.org\/{rel}","templated":true}]}}