{"id":28832,"date":"2023-11-16T00:16:49","date_gmt":"2023-11-16T06:16:49","guid":{"rendered":"http:\/\/elobservatorio.com.mx\/?p=28832"},"modified":"2023-11-16T00:16:49","modified_gmt":"2023-11-16T06:16:49","slug":"margarita-moreno-entrega-equipamiento-a-personal-de-sanidad-parques-y-jardines","status":"publish","type":"post","link":"http:\/\/elobservatorio.com.mx\/?p=28832","title":{"rendered":"Margarita Moreno entrega equipamiento a personal de sanidad, parques y jardines"},"content":{"rendered":"<p><em>* La presidenta municipal de Colima reconoci\u00f3 a las y los trabajadores por brindar servicios a las familias de la capital del estado<\/em>.<br aria-hidden=\"true\" \/><br aria-hidden=\"true\" \/>La presidenta municipal de Colima, Margarita Moreno, entreg\u00f3 uniformes al personal de la Direcci\u00f3n de General de Servicios P\u00fablicos, quienes se desempe\u00f1an en las \u00e1reas de limpia, sanidad, parques, jardines y \u00e1reas verdes.<br aria-hidden=\"true\" \/><br aria-hidden=\"true\" \/>Margarita Moreno detall\u00f3 que el equipo entregado consta de dos playeras, un pantal\u00f3n y un par de botas para cada trabajador, a quienes reconoci\u00f3 su trabajo a favor de las familias para mantener en \u00f3ptimas condiciones los espacios p\u00fablicos de todo el municipio.<br aria-hidden=\"true\" \/><br aria-hidden=\"true\" \/>Afirm\u00f3 que ning\u00fan gobierno puede ni podr\u00e1 nunca solos, por lo que refrend\u00f3 el respaldo de las y los trabajadores para seguir trabajando de manera conjunta por las familias del municipio.<br aria-hidden=\"true\" \/><br aria-hidden=\"true\" \/>Margarita Moreno agradeci\u00f3 a las y los trabajadores por hacer equipo para construir un Colima m\u00e1s pr\u00f3spero, limpio, ordenado, pero sobre todo m\u00e1s humano, y quienes lo dan todo a favor de la poblaci\u00f3n, como ocurri\u00f3 cuando el hurac\u00e1n Lidia.<br aria-hidden=\"true\" \/><br aria-hidden=\"true\" \/>La oficial mayor, Nancy Brise\u00f1o, afirm\u00f3 que con esta entrega se da cumplimiento a los convenios para que las y los trabajadores cuenten con el equipamiento adecuado para realizar sus funciones.<br aria-hidden=\"true\" \/><br aria-hidden=\"true\" \/><\/p>\n<div>Acompa\u00f1aron a la presidenta Margarita Moreno, en la entrega de estos uniformes, la directora general de servicios p\u00fablicos, Itzel Luna Corral, as\u00ed como la Secretaria del Ayuntamiento, Himelda Meraz S\u00e1nchez.\u00a0 Asimismo, estuvieron Roberto Preciado Cuevas, director de Limpia y Sanidad, as\u00ed como Gregorio Santos Hern\u00e1ndez, director de Parques, Jardines y \u00c1reas Verdes.<\/div>\n","protected":false},"excerpt":{"rendered":"<p>* La presidenta municipal de Colima reconoci\u00f3 a las y los trabajadores por brindar servicios a las familias de la capital del estado.La presidenta municipal de Colima, Margarita Moreno, entreg\u00f3 uniformes al personal de la Direcci\u00f3n de General de Servicios P\u00fablicos, quienes se desempe\u00f1an en las \u00e1reas de limpia, sanidad, parques, jardines y \u00e1reas verdes.Margarita&#8230;<\/p>\n","protected":false},"author":2,"featured_media":28833,"comment_status":"open","ping_status":"open","sticky":false,"template":"","format":"standard","meta":{"footnotes":""},"categories":[36,8],"tags":[29,30,28],"class_list":["post-28832","post","type-post","status-publish","format-standard","has-post-thumbnail","hentry","category-colima","category-municipios","tag-grid","tag-news","tag-slider"],"_links":{"self":[{"href":"http:\/\/elobservatorio.com.mx\/index.php?rest_route=\/wp\/v2\/posts\/28832"}],"collection":[{"href":"http:\/\/elobservatorio.com.mx\/index.php?rest_route=\/wp\/v2\/posts"}],"about":[{"href":"http:\/\/elobservatorio.com.mx\/index.php?rest_route=\/wp\/v2\/types\/post"}],"author":[{"embeddable":true,"href":"http:\/\/elobservatorio.com.mx\/index.php?rest_route=\/wp\/v2\/users\/2"}],"replies":[{"embeddable":true,"href":"http:\/\/elobservatorio.com.mx\/index.php?rest_route=%2Fwp%2Fv2%2Fcomments&post=28832"}],"version-history":[{"count":1,"href":"http:\/\/elobservatorio.com.mx\/index.php?rest_route=\/wp\/v2\/posts\/28832\/revisions"}],"predecessor-version":[{"id":28834,"href":"http:\/\/elobservatorio.com.mx\/index.php?rest_route=\/wp\/v2\/posts\/28832\/revisions\/28834"}],"wp:featuredmedia":[{"embeddable":true,"href":"http:\/\/elobservatorio.com.mx\/index.php?rest_route=\/wp\/v2\/media\/28833"}],"wp:attachment":[{"href":"http:\/\/elobservatorio.com.mx\/index.php?rest_route=%2Fwp%2Fv2%2Fmedia&parent=28832"}],"wp:term":[{"taxonomy":"category","embeddable":true,"href":"http:\/\/elobservatorio.com.mx\/index.php?rest_route=%2Fwp%2Fv2%2Fcategories&post=28832"},{"taxonomy":"post_tag","embeddable":true,"href":"http:\/\/elobservatorio.com.mx\/index.php?rest_route=%2Fwp%2Fv2%2Ftags&post=28832"}],"curies":[{"name":"wp","href":"https:\/\/api.w.org\/{rel}","templated":true}]}}