{"id":28851,"date":"2023-11-21T23:35:18","date_gmt":"2023-11-22T05:35:18","guid":{"rendered":"http:\/\/elobservatorio.com.mx\/?p=28851"},"modified":"2023-11-21T23:35:18","modified_gmt":"2023-11-22T05:35:18","slug":"en-entrega-de-informe-lx-legislatura-refrenda-coordinacion-institucional-priorizando-el-bienestar-de-colimenses","status":"publish","type":"post","link":"http:\/\/elobservatorio.com.mx\/?p=28851","title":{"rendered":"En entrega de informe, LX Legislatura refrenda coordinaci\u00f3n institucional, priorizando el bienestar de colimenses"},"content":{"rendered":"<p>Con la presencia de la Secretaria de Gobernaci\u00f3n, Luisa Mar\u00eda Alcalde Luj\u00e1n, en representaci\u00f3n del Gobierno de M\u00e9xico, en Sesi\u00f3n Solemne realizada este martes en el recinto de la Sexag\u00e9sima Legislatura, la Gobernadora de Colima, Mtra. Indira Vizca\u00edno Silva, hizo entrega de su Segundo Informe de Gobierno al H. Congreso del Estado, evento en el que la presidenta de la Mesa Directiva del Congreso, diputada Ana Karen Hern\u00e1ndez Aceves, enfatiz\u00f3 que la coordinaci\u00f3n entre los distintos poderes es esencial para lograr un verdadero estado democr\u00e1tico y de derecho en nuestro estado.<\/p>\n<p>Hern\u00e1ndez Aceves precis\u00f3 que fue hace dos a\u00f1os que el pueblo colimense eligi\u00f3 no solo a la gobernadora m\u00e1s joven del pa\u00eds, \u201csino que eligieron a una persona con una visi\u00f3n feminista y comprometida con los derechos de las mujeres\u201d.<\/p>\n<p>Se dijo profundamente orgullosa tambi\u00e9n por la presencia en este evento de la Secretaria de Gobernaci\u00f3n del Gobierno de M\u00e9xico, Luisa Mar\u00eda Alcalde, \u201cmujer joven, feminista y comprometida con la defensa de los derechos de todas y todos, quien destaca por haber sido tambi\u00e9n titular de la Secretar\u00eda del Trabajo, desde donde realiz\u00f3 acciones para dignificar las condiciones de las y los trabajadores\u201d.<\/p>\n<p>Manifest\u00f3 que anteriormente exist\u00eda una complicidad regional entre la clase gobernante y la criminalidad, y que actualmente dicha complicidad ya no existe y que, adem\u00e1s, se atienden las causas profundas de la inseguridad. Record\u00f3 que el presidente de la Rep\u00fablica, Andr\u00e9s Manuel L\u00f3pez Obrador, ya ha expresado su total respaldo a la gobernadora Indira Vizca\u00edno Silva, quien se ha enfocado en estos dos a\u00f1os en combatir la corrupci\u00f3n, combatir las causas profundas de la inseguridad y generar las pol\u00edticas p\u00fablicas de bienestar para quienes menos tienen.<\/p>\n<p>Para finalizar su intervenci\u00f3n, la presidenta de la Mesa Directiva del H. Congreso del Estado, mencion\u00f3 que la gobernadora est\u00e1 comprometida con las causas populares, adem\u00e1s de ser honesta e inteligente. Se\u00f1al\u00f3 que realizar\u00e1n un an\u00e1lisis detallado de la glosa del informe en el Poder Legislativo y que seguir\u00e1n manteniendo una coordinaci\u00f3n, priorizando el bienestar de las y los colimenses.<\/p>\n<p>La titular del Poder Ejecutivo del Estado, Mtra. Indira Vizca\u00edno Silva, manifest\u00f3 ante diputadas, diputados y dem\u00e1s presentes que \u201ceste es un gobierno que trabaja en convertir la voluntad popular expresada hace m\u00e1s de dos a\u00f1os en las urnas, en decisiones y acciones congruentes con los anhelos de la poblaci\u00f3n\u201d.<\/p>\n<p>Indic\u00f3 que m\u00e1s all\u00e1 de lo planteado por quienes todo critican y nada proponen, ellos no podr\u00e1n tapar \u201clo que s\u00ed han hecho los gobiernos de la transformaci\u00f3n: ponerle un alto al neoliberalismo rapaz, a los gobiernos empleados del poder econ\u00f3mico, que hemos invertido en programas ayudan a la gente, a las y los campesinos\u201d.<\/p>\n<p>Mencion\u00f3 que, en el segundo a\u00f1o de gobierno, \u201cse tuvo que enfrentar y atender situaciones fuera de lo programado y lo presupuestado, tal como sucedi\u00f3 el primer a\u00f1o con el sismo del 19 de septiembre. Con el paso del hurac\u00e1n Lidia se atendi\u00f3 desde el primer momento a las personas afectadas y se demostr\u00f3 la capacidad para levantarse ante las adversidades.<\/p>\n<p>Afirm\u00f3 que la seguridad se mantiene como uno de los retos m\u00e1s complejos y con esa relevancia es que se aborda, \u201cno para un evento o para un discurso, sino todos los d\u00edas y como el primer asunto a tratar; y trabajando de manera simult\u00e1nea en dos pistas: la de la prevenci\u00f3n y la de la reacci\u00f3n; con igual importancia en la atenci\u00f3n de lo inmediato, que en el avance en las soluciones de fondo\u201d.<\/p>\n<p>Manifest\u00f3 que este gobierno coincide con el presidente Andr\u00e9s Manuel L\u00f3pez Obrador en algo que ha dicho muchas veces y desde hace mucho tiempo: \u201cque la paz es fruto de la justicia; por eso, todas y cada una de las \u00e1reas del gobierno que tiene el honor de encabezar trabajan en la construcci\u00f3n de una Colima m\u00e1s justa y equitativa; y ese es precisamente el esp\u00edritu y la raz\u00f3n de ser de los programas y estrategias m\u00e1s emblem\u00e1ticas, como son Colibecas, Operaci\u00f3n Salud Colima y Obras Que Transforman\u201d.<\/p>\n<p>Vizca\u00edno Silva se\u00f1al\u00f3 que ha sido un segundo a\u00f1o de trabajo intenso, con enormes y complejos retos, \u201cpero tambi\u00e9n con importantes avances en la direcci\u00f3n correcta, la direcci\u00f3n del ejercicio y el bienestar de las mayor\u00edas, la direcci\u00f3n en la que se construye una Colima m\u00e1s justa y m\u00e1s pr\u00f3spera\u201d. Finalmente, a las y los colimenses les reiter\u00f3 tambi\u00e9n su compromiso \u201cde seguir trabajando con seriedad y profesionalismo, con amor por esta tierra y por la gente\u201d.<\/p>\n<p>En su intervenci\u00f3n, la representante del Gobierno de M\u00e9xico, Luisa Alcalde, titular de la Secretar\u00eda de Gobernaci\u00f3n, expres\u00f3 que la gobernadora Indira Vizca\u00edno es una mujer valiente, entregada, honesta, con quien se ha tenido la coordinaci\u00f3n para poder avanzar en la transformaci\u00f3n de la vida p\u00fablica tanto del pa\u00eds como del estado.<\/p>\n<p>Se\u00f1al\u00f3 que, a dos a\u00f1os de este gobierno, el pueblo de Colima cuenta con derechos que antes no se hab\u00edan imaginado y es gracias a los trabajos coordinados entre el gobierno del estado y el federal.<\/p>\n<p>Destac\u00f3 todos los programas de bienestar que han cambiado la vida de la gente, sobre todo de quienes menos tienen, y que desde que lleg\u00f3 el gobierno de Indira Vizca\u00edno a Colima, se ha reducido la pobreza en 6%, lo que es una satisfacci\u00f3n para quienes verdaderamente se dedican al noble oficio de la pol\u00edtica con la visi\u00f3n de disminuir las desigualdades.<\/p>\n<p>En el tema de salud, manifest\u00f3 que se ha logrado rescatar del olvido a todo el sistema en todo el pa\u00eds, ya que se tiene el compromiso firme de que, para marzo, se contar\u00e1 en todo M\u00e9xico con el mejor sistema de salud que se haya tenido en la historia.<\/p>\n<p>Se\u00f1al\u00f3 que, en cuanto a seguridad, se tienen enormes diferencias con las estrategias del pasado y destac\u00f3 que la gobernadora, todos los d\u00edas, lleva a cabo acciones cada ma\u00f1ana en la Mesa de Construcci\u00f3n de la paz con las distintas instituciones en esta materia.<\/p>\n<p>Finalmente, sostuvo lo que ya ha mencionado el presidente de la Rep\u00fablica, Andr\u00e9s Manuel L\u00f3pez Obrador: Colima no est\u00e1 sola en la tarea de lograr la paz, la prosperidad y el desarrollo para todas y todos.<\/p>\n<p>Despu\u00e9s de los honores a la Bandera e interpretaci\u00f3n del Himno Nacional y el Himno del Estado de Colima, se dieron los posicionamientos de los Grupos Parlamentarios, Diputadas \u00danicas y sin partido integrantes de esta legislatura, iniciando con el posicionamiento de la diputada sin partido Sandra Patricia Ceballos Polanco<strong>, <\/strong>quien sostuvo que no existe a\u00fan voluntad pol\u00edtica de la administraci\u00f3n actual para la regulaci\u00f3n de los llamados mototaxis, as\u00ed mismo, cuestion\u00f3 la operaci\u00f3n de retenes en algunas vialidades, que consider\u00f3 inconstitucionales.<\/p>\n<p>Mencion\u00f3 que los conciertos y bailes populares gratuitos \u201cson una magn\u00edfica oportunidad de esparcimiento de las familias colimenses, m\u00e1xime en nuestro mayor festejo regional que es la Feria de Colima.<\/p>\n<p>Pero en lo personal creo que con menos de 16 millones de pesos se pudo haber conseguido una oferta popular y que ese recurso se invirtiera en insumos m\u00e9dicos para el hospital materno infantil en Vila de \u00c1lvarez\u201d.<\/p>\n<p>Sobre la pol\u00edtica de Seguridad P\u00fablica, se\u00f1al\u00f3 que la estrategia no ha sido suficiente para mitigar la problem\u00e1tica en la materia, y finalmente, expres\u00f3 que las y los colimenses desean acciones que coadyuven a generar mejores condiciones de vida, y que en esa tarea se ha enfocado como legisladora.<\/p>\n<p>Mientras que el diputado coordinador del Grupo Parlamentario del Partido Revolucionario Institucional (PRI), H\u00e9ctor Maga\u00f1a Lara, en su participaci\u00f3n manifest\u00f3 que los representantes del actual gobierno y las y los funcionarios m\u00e1s cercanos viven en una realidad distinta a la que padece la sociedad colimense, la cual, vive en la zozobra por el tema de inseguridad.<\/p>\n<p>Hizo un recuento de las cifras de \u00edndices delictivos, expresando que Colima ha ocupado los primeros lugares en esta materia a nivel nacional.<\/p>\n<p>Cuestion\u00f3 las pol\u00edticas en el tema de violencia contra las mujeres y se\u00f1al\u00f3 que en hospitales e instalaciones de servicios de salud existen carencias como falta de medicamentos y atenciones adecuadas.<\/p>\n<p>Manifest\u00f3 que a quienes muestran su inconformidad con las acciones de este gobierno, se les se\u00f1ala y persigue, expresando que se llev\u00f3 a cabo un juicio pol\u00edtico con irregularidades, con la finalidad de inhabilitar a varios exfuncionarios y actuales figuras pol\u00edticas de oposici\u00f3n.<\/p>\n<p>Para finalizar, se\u00f1al\u00f3 que jam\u00e1s se hab\u00eda catalogado a Colima como el lugar m\u00e1s peligroso del mundo, o el segundo lugar nacional de personas desaparecidas y fosas clandestinas encontradas. ni que se hab\u00eda evaluado al gobierno como el peor del pa\u00eds.<\/p>\n<p>Enseguida, la diputada \u00fanica del Partido del Trabajo (PT), Evangelina Bustamante Morales, expres\u00f3 que es necesario, a dos a\u00f1os de gobierno, hacer una pausa para hacer una evaluaci\u00f3n a la administraci\u00f3n actual, porque de lo contrario, no habr\u00eda cambios ni mejoras.<\/p>\n<p>Reconoci\u00f3 que la actual administraci\u00f3n ha recibido la tarea de sacar adelante al estado luego de haberlo encontrado en la bancarrota.<\/p>\n<p>Por ello, se\u00f1al\u00f3 que ha habido avances en distintas materias y celebra la coordinaci\u00f3n entre el gobierno federal y estatal, habiendo oficio pol\u00edtico y capacidad de gesti\u00f3n de la gobernadora Indira Vizca\u00edno.<\/p>\n<p>Destac\u00f3 que, en este segundo a\u00f1o de gobierno, el aspecto educativo ha tenido mejoras importantes, como la implementaci\u00f3n del programa ColiBecas, \u201checho que no tiene precedentes y que favorece la econom\u00eda familiar y fortalecer el aprendizaje y proceso educativo de las y los estudiantes\u201d.<\/p>\n<p>Para concluir, reconoci\u00f3 los avances de este gobierno por el impulso de la regularizaci\u00f3n de los Cendis y se\u00f1ala que, desde el PT, seguir\u00e1n pugnando para ello, con el objetivo de lograr el fortalecimiento de la educaci\u00f3n inicial, adem\u00e1s de que enfatiz\u00f3 que en el PT son aliados del gobierno del estado, \u201cpara trabajar en unidad por el pueblo de Colima, bajo una visi\u00f3n de sororidad para lograr una sociedad humanista\u201d.<\/p>\n<p>El diputado Crisp\u00edn Guerra C\u00e1rdenas, coordinador del Grupo Parlamentario del Partido Acci\u00f3n Nacional (PAN), expuso en su posicionamiento que echarle la culpa al pasado, \u201csolamente demuestra la incapacidad de este gobierno ante las deficiencias\u201d.<\/p>\n<p>Manifest\u00f3 que lo que le falta a este gobierno, es la voluntad pol\u00edtica y que deber\u00eda enfocarse al Estado, en lugar de preocuparse por los procesos internos del partido en el poder de car\u00e1cter electoral, actos que el legislador califica como violatorios de la Constituci\u00f3n.<\/p>\n<p>Expres\u00f3 que a los organismos aut\u00f3nomos no se les otorgan recursos suficientes, como al Instituto de Transparencia o al Instituto Electoral del Estado, con el objetivo de limitar su operatividad.<\/p>\n<p>As\u00ed mismo, manifest\u00f3 que la Cruz Roja tampoco ha recibido el apoyo necesario, sino lo contrario, se\u00f1ala que no se impuls\u00f3 la colecta anual y que no se le asign\u00f3 ninguna ambulancia de las 25 que llegaron a la entidad. Cuestion\u00f3 las obras en infraestructura que sufrieron da\u00f1os por desastres naturales y que a las y los afectados no se les ha atendido.<\/p>\n<p>En cuesti\u00f3n de seguridad, expres\u00f3 que Colima compite con los lugares m\u00e1s peligrosos del mundo, del que se\u00f1ala como un logro de este gobierno. Finalmente, manifest\u00f3 que todas las deficiencias que se\u00f1ala han tenido como resultado que la gobernadora sea evaluada en t\u00e9rminos negativos por la ciudadan\u00eda, de acuerdo con encuestas nacionales.<\/p>\n<p>Myriam Gudi\u00f1o Esp\u00edndola, diputada \u00fanica del Partido Nueva Alianza de M\u00e9xico (PANAL), expres\u00f3 que este informe de Gobierno es un ejercicio democr\u00e1tico y Constitucional de rendici\u00f3n de cuentas a la ciudadan\u00eda, en el que \u201cse cumplen dos a\u00f1os en que el pueblo de Colima se decidi\u00f3 por un cambio verdadero\u201d y se\u00f1al\u00f3 que la actual administraci\u00f3n recibi\u00f3 un gobierno afectado por la pandemia, lo que tuvo sus repercusiones en la econom\u00eda, tanto para el Estado como para las familias.<\/p>\n<p>Se\u00f1al\u00f3 que este gobierno inici\u00f3 con una situaci\u00f3n financiera en bancarrota heredada, y por ello, reconoci\u00f3 el esfuerzo del actual Poder Ejecutivo para llevar a cabo acciones que benefician directamente a la gente, sobre todo en el \u00e1mbito educativo, con el programa Colibecas, adem\u00e1s de lograr mejoras en la infraestructura de varias escuelas, adem\u00e1s de otorgar mobiliario que por m\u00e1s de 10 a\u00f1os se estaban requiriendo.<\/p>\n<p>Destac\u00f3 tambi\u00e9n la construcci\u00f3n de la Universidad Intercultural de Colima, para asegurar a las y los j\u00f3venes colimenses otra alternativa de educaci\u00f3n superior, adem\u00e1s de acceder a este nivel educativo bajo un esquema m\u00e1s igualitario e incluyente, donde nunca m\u00e1s existan colimenses sin estudiar por falta de oferta educativa o recursos econ\u00f3micos; finalmente, invit\u00f3 a seguir impulsando estas pol\u00edticas p\u00fablicas y adem\u00e1s, fortalecer el arte, la cultura y el deporte para rescatar el tejido social y la construcci\u00f3n de la paz.<\/p>\n<p>A continuaci\u00f3n, el diputado coordinador del Grupo Parlamentario del Partido Movimiento Ciudadano (MC), Ignacio Vizca\u00edno Ram\u00edrez, se\u00f1al\u00f3 en su posicionamiento que \u201cla sociedad colimense est\u00e1 \u00e1vida de reacciones contundentes ante los resultados que hoy nos presentar\u00e1n\u201d, refiriendo que se han \u201cpadecido estos dos a\u00f1os de alejamiento, de egocentrismo, de servidores p\u00fablicos improvisados y con p\u00e9simo asesoramiento al Poder Ejecutivo\u201d.<\/p>\n<p>Expuso que as\u00ed se podr\u00e1 evaluar el desempe\u00f1o en un presupuesto ejercido basado en resultados, \u201cy no como lo pretenden hacer, a la imaginaci\u00f3n y en base a la especulaci\u00f3n, por mencionarles algunos ejemplos: en materia de salud, el Gobierno del Estado se comprometi\u00f3 con ustedes la ciudadan\u00eda a: otorgar insumos y medicamentos suficientes y de calidad; proveer de recursos humanos suficientes y capacitados\u201d.<\/p>\n<p>Agreg\u00f3 que \u201ca dos a\u00f1os de este gobierno, las ciudadanas y ciudadanos est\u00e1n decepcionados de haber confiado en esta versi\u00f3n de transformaci\u00f3n para Colima. Hoy todas y todos ustedes colimenses, se merecen cuentas claras y resultados prontos.<\/p>\n<p>Pues el andar en estos dos a\u00f1os ha sido catastr\u00f3fico para muchas familias, que carecen de salud, seguridad, empleo, transporte p\u00fablico, educaci\u00f3n y espacios p\u00fablicos para su esparcimiento\u201d.<\/p>\n<p>Priscila Garc\u00eda Delgado, diputada sin partido, antes de dar lectura a su posicionamiento, hizo varias precisiones sobre algunos argumentos expresados en participaciones anteriores, ante lo que cuestion\u00f3 el silencio de quienes ahora son oposici\u00f3n y que en anteriores administraciones no hicieron ning\u00fan se\u00f1alamiento.<\/p>\n<p>Mencion\u00f3 que al inicio de esta administraci\u00f3n se han enfrentado retos muy complejos, como la crisis financiera heredada de las administraciones pasadas.<\/p>\n<p>Centr\u00f3 su participaci\u00f3n en el tema de la salud, del que sostuvo que es un tema en el que no se debe escatimar para seguir mejorando este sistema, por lo que pidi\u00f3 a la gobernadora no claudicar en esta tarea.<\/p>\n<p>Record\u00f3 que, hace un a\u00f1o, se\u00f1alaba que exist\u00eda la necesidad de poner atenci\u00f3n en servicios para atender a las personas que padecen c\u00e1ncer de mama, y que ahora, reconoce el avance que se ha sostenido en esta materia por parte del Gobierno del Estado.<\/p>\n<p>Se\u00f1al\u00f3 que, anteriormente, las comunidades se encontraban en el olvido y que ahora, se han mejorado los centros de salud en todo el Estado.<\/p>\n<p>Finalmente, refiri\u00f3 que se han dado pasos firmes para mejorar la calidad de vida de las y los colimenses y que, aunque falta mucho por hacer, con la colaboraci\u00f3n entre los distintos niveles de gobierno se seguir\u00e1 trabajando por el estado de Colima.<\/p>\n<p><strong>\u00a0<\/strong>Para finalizar estas intervenciones, el diputado coordinador del Grupo Parlamentario del Partido Movimiento Regeneraci\u00f3n Nacional (MORENA), Armando Reyna Maga\u00f1a, expres\u00f3 que se han cumplido dos a\u00f1os desde que la gente de Colima se decidi\u00f3 por un cambio y que ahora, \u201cel pueblo cuenta con un gobierno que se preocupa y ocupa de las necesidades de todas y todos\u201d.<\/p>\n<p>Agreg\u00f3 que, desde el primer d\u00eda de este gobierno, se constat\u00f3 el saqueo que realizaron los que mal gobernaron en a\u00f1os anteriores, quienes dejaron un estado en la ruina financiera y con una crisis en seguridad p\u00fablica. Destac\u00f3 que en esta administraci\u00f3n se generan pol\u00edticas p\u00fablicas hist\u00f3ricas como el programa Colibecas, y en el tema de salud, se\u00f1al\u00f3 que anteriormente se ten\u00eda el sistema de salud entero en el abandono, incluso con estantes vac\u00edos de medicinas en centros de salud y hospitales.<\/p>\n<p>Expuso que una caracter\u00edstica de este nuevo gobierno es su cercan\u00eda con el pueblo, ya que emana del mismo y que el fomento a la econom\u00eda se fomenta en todos los sectores, no solamente en una c\u00fapula empresarial.<\/p>\n<p>Tambi\u00e9n, destac\u00f3 la estrategia gubernamental de \u201cObras que transforman\u201d, ya que con estas obras se ha logrado conectar comunidades y mejorar vialidades que antes carec\u00edan del m\u00ednimo mantenimiento.<\/p>\n<p>Sobre el tema de seguridad, expres\u00f3 que han demostrado con acciones concretas y no solo con palabras, que buscan fortalecer la estrategia de la construcci\u00f3n de la paz.<\/p>\n<p>Record\u00f3 que este gobierno recibi\u00f3 la administraci\u00f3n con solamente 20 patrullas para todo el estado y que una de las primeras acciones que hizo fue dotar de veh\u00edculos y equipamiento a las corporaciones policiacas.<\/p>\n<p>Finalmente, expres\u00f3 que, desde la bancada de Morena, seguir\u00e1n respaldando las acciones de transformaci\u00f3n de este gobierno.<\/p>\n<p>En este evento, en la Mesa Directiva tambi\u00e9n se cont\u00f3 con la presencia del titular del Poder Judicial del Estado, magistrado Juan Carlos Montes y Montes, as\u00ed como de las diputadas Sonia Hern\u00e1ndez y Myriam Gudi\u00f1o.<\/p>\n<p><strong><em>\u00a0<\/em><\/strong><\/p>\n","protected":false},"excerpt":{"rendered":"<p>Con la presencia de la Secretaria de Gobernaci\u00f3n, Luisa Mar\u00eda Alcalde Luj\u00e1n, en representaci\u00f3n del Gobierno de M\u00e9xico, en Sesi\u00f3n Solemne realizada este martes en el recinto de la Sexag\u00e9sima Legislatura, la Gobernadora de Colima, Mtra. Indira Vizca\u00edno Silva, hizo entrega de su Segundo Informe de Gobierno al H. Congreso del Estado, evento en el&#8230;<\/p>\n","protected":false},"author":2,"featured_media":28852,"comment_status":"open","ping_status":"open","sticky":false,"template":"","format":"standard","meta":{"footnotes":""},"categories":[1],"tags":[29,30,28],"class_list":["post-28851","post","type-post","status-publish","format-standard","has-post-thumbnail","hentry","category-espacio-legislativo","tag-grid","tag-news","tag-slider"],"_links":{"self":[{"href":"http:\/\/elobservatorio.com.mx\/index.php?rest_route=\/wp\/v2\/posts\/28851"}],"collection":[{"href":"http:\/\/elobservatorio.com.mx\/index.php?rest_route=\/wp\/v2\/posts"}],"about":[{"href":"http:\/\/elobservatorio.com.mx\/index.php?rest_route=\/wp\/v2\/types\/post"}],"author":[{"embeddable":true,"href":"http:\/\/elobservatorio.com.mx\/index.php?rest_route=\/wp\/v2\/users\/2"}],"replies":[{"embeddable":true,"href":"http:\/\/elobservatorio.com.mx\/index.php?rest_route=%2Fwp%2Fv2%2Fcomments&post=28851"}],"version-history":[{"count":1,"href":"http:\/\/elobservatorio.com.mx\/index.php?rest_route=\/wp\/v2\/posts\/28851\/revisions"}],"predecessor-version":[{"id":28853,"href":"http:\/\/elobservatorio.com.mx\/index.php?rest_route=\/wp\/v2\/posts\/28851\/revisions\/28853"}],"wp:featuredmedia":[{"embeddable":true,"href":"http:\/\/elobservatorio.com.mx\/index.php?rest_route=\/wp\/v2\/media\/28852"}],"wp:attachment":[{"href":"http:\/\/elobservatorio.com.mx\/index.php?rest_route=%2Fwp%2Fv2%2Fmedia&parent=28851"}],"wp:term":[{"taxonomy":"category","embeddable":true,"href":"http:\/\/elobservatorio.com.mx\/index.php?rest_route=%2Fwp%2Fv2%2Fcategories&post=28851"},{"taxonomy":"post_tag","embeddable":true,"href":"http:\/\/elobservatorio.com.mx\/index.php?rest_route=%2Fwp%2Fv2%2Ftags&post=28851"}],"curies":[{"name":"wp","href":"https:\/\/api.w.org\/{rel}","templated":true}]}}