{"id":2887,"date":"2019-03-08T06:02:45","date_gmt":"2019-03-08T06:02:45","guid":{"rendered":"http:\/\/elobservatorio.com.mx\/presento-espectaculo-compania-dale-play-en-el-foro-%e2%80%9cpablo-silva%e2%80%9d"},"modified":"2019-03-08T06:02:45","modified_gmt":"2019-03-08T06:02:45","slug":"presento-espectaculo-compania-dale-play-en-el-foro-%e2%80%9cpablo-silva%e2%80%9d","status":"publish","type":"post","link":"http:\/\/elobservatorio.com.mx\/?p=2887","title":{"rendered":"Present\u00f3 espect\u00e1culo Compa\u00f1\u00eda Dale Play, en el Foro \u201cPablo Silva\u201d"},"content":{"rendered":"<p><em>*Habr\u00e1 m\u00e1s funciones de este grupo, en el mismo lugar, los martes 12, 19 y 26 de marzo a las 19:30 horas.<\/em><\/p>\n<p>Como parte de las actividades que realiza la Direcci\u00f3n de Arte y Cultura de la Universidad de Colima, esta semana se present\u00f3 en el foro \u201cPablo Silva\u201d el espect\u00e1culo \u201cEn mi propio movimiento\u201d, de la compa\u00f1\u00eda de danza \u201cDale Play\u201d que dirige Maritza Espinoza Galv\u00e1n.<\/p>\n<p>La funci\u00f3n presentada es una propuesta coreogr\u00e1fica que muestra la integraci\u00f3n de distintos estilos de danza urbana y contempor\u00e1nea a trav\u00e9s de peque\u00f1as piezas que tuvo una duraci\u00f3n de 50 minutos aproximadamente.<\/p>\n<p>En la presentaci\u00f3n hubo Break Dance, Jazz y Hip Hop, entre otros g\u00e9neros que los participantes interpretaron en solitario y en equipo frente a un p\u00fablico interesado, a quien le transmitieron, a trav\u00e9s de la Danza, mensajes inspirados en sentimientos de diversi\u00f3n, pasi\u00f3n, superaci\u00f3n y amistad.<\/p>\n<p>Integrada por los mejores alumnos de \u201cDale Play Estudio\u201d, la agrupaci\u00f3n se encuentra activa desde hace ocho a\u00f1os y, paso a paso, ha logrado el reconocimiento del p\u00fablico que disfruta de sus destacadas participaciones en escenarios de Colima y el resto del pa\u00eds.<\/p>\n<p>Dale Play y su obra \u201cEn mi propio movimiento\u201d, se presentar\u00e1 los martes 12, 19 y 26 de marzo a las 19:30 horas en el Foro \u201cPablo Silva Garc\u00eda\u201d. La cuota de recuperaci\u00f3n es de 60 pesos, con 50 por ciento de descuento para estudiantes y Red Cultura UdeC.<\/p>\n","protected":false},"excerpt":{"rendered":"<p>*Habr\u00e1 m\u00e1s funciones de este grupo, en el mismo lugar, los martes 12, 19 y 26 de marzo a las 19:30 horas. Como parte de las actividades que realiza la Direcci\u00f3n de Arte y Cultura de la Universidad de Colima, esta semana se present\u00f3 en el foro \u201cPablo Silva\u201d el espect\u00e1culo \u201cEn mi propio movimiento\u201d,&#8230;<\/p>\n","protected":false},"author":2,"featured_media":2888,"comment_status":"open","ping_status":"open","sticky":false,"template":"","format":"standard","meta":{"footnotes":""},"categories":[14,32],"tags":[29,30,28],"class_list":["post-2887","post","type-post","status-publish","format-standard","has-post-thumbnail","hentry","category-educacion-y-cultura","category-escenario","tag-grid","tag-news","tag-slider"],"_links":{"self":[{"href":"http:\/\/elobservatorio.com.mx\/index.php?rest_route=\/wp\/v2\/posts\/2887"}],"collection":[{"href":"http:\/\/elobservatorio.com.mx\/index.php?rest_route=\/wp\/v2\/posts"}],"about":[{"href":"http:\/\/elobservatorio.com.mx\/index.php?rest_route=\/wp\/v2\/types\/post"}],"author":[{"embeddable":true,"href":"http:\/\/elobservatorio.com.mx\/index.php?rest_route=\/wp\/v2\/users\/2"}],"replies":[{"embeddable":true,"href":"http:\/\/elobservatorio.com.mx\/index.php?rest_route=%2Fwp%2Fv2%2Fcomments&post=2887"}],"version-history":[{"count":0,"href":"http:\/\/elobservatorio.com.mx\/index.php?rest_route=\/wp\/v2\/posts\/2887\/revisions"}],"wp:featuredmedia":[{"embeddable":true,"href":"http:\/\/elobservatorio.com.mx\/index.php?rest_route=\/wp\/v2\/media\/2888"}],"wp:attachment":[{"href":"http:\/\/elobservatorio.com.mx\/index.php?rest_route=%2Fwp%2Fv2%2Fmedia&parent=2887"}],"wp:term":[{"taxonomy":"category","embeddable":true,"href":"http:\/\/elobservatorio.com.mx\/index.php?rest_route=%2Fwp%2Fv2%2Fcategories&post=2887"},{"taxonomy":"post_tag","embeddable":true,"href":"http:\/\/elobservatorio.com.mx\/index.php?rest_route=%2Fwp%2Fv2%2Ftags&post=2887"}],"curies":[{"name":"wp","href":"https:\/\/api.w.org\/{rel}","templated":true}]}}