{"id":28873,"date":"2023-11-22T23:27:34","date_gmt":"2023-11-23T05:27:34","guid":{"rendered":"http:\/\/elobservatorio.com.mx\/?p=28873"},"modified":"2023-11-23T00:25:55","modified_gmt":"2023-11-23T06:25:55","slug":"enemigos-en-las-boletas-electorales-socios-comerciales-en-la-vida-real","status":"publish","type":"post","link":"http:\/\/elobservatorio.com.mx\/?p=28873","title":{"rendered":"\u00abEnemigos\u00bb en la pol\u00edtica, socios comerciales en la vida real"},"content":{"rendered":"<p><strong>Observador Pol\u00edtico<\/strong><\/p>\n<p><em>Belisario Romero S\u00e1nchez*\u00a0\u00a0<\/em><\/p>\n<p>Ahorita que est\u00e1 gobernando en Colima el partido MORENA, cu\u00e1ntas veces hemos escuchado frases ya muy trillada que s\u00f3lo quedaron en mero discurso, como \u00abno somos iguales\u00bb, \u00abLos del PRI-AN robaron m\u00e1s\u00bb, \u00abnos dejaron las finanzas colapsadas\u00bb, \u00abLa culpa es de los anteriores\u00bb, etc., etc\u00e9tera.<\/p>\n<p>Un discurso pol\u00edtico que pretenden se quede impregnado en la memoria de cada colimense, integrante de ese pueblo sabio, bueno y noble que les dio el voto para que al igual que AMLO, gobernaran en Colima con los principios que rige el partido MORENA, de \u201cno robar, no mentir, no traicionar\u201d, que el fin es que dicho discurso tenga alcance electorero.<\/p>\n<p>Y es que mientras los pol\u00edticos que est\u00e1n cobrando en la Cuarta Transformaci\u00f3n desde el espacio pol\u00edtico en donde el pueblo sabio y bueno los puso en las pasadas elecciones, fingen un pleito, un distanciamiento abismal con los integrantes del neoliberalismo, del PRI-AN, pleito que pretenden vender desde la m\u00e1xima tribuna del Congreso del Estado, en donde aprovechan los diputados morenistas para hacer pedazos a los legisladores de oposici\u00f3n, a los del PRIAN, \u00a0a tal grado que pareciera que fuera verdad, que si no viviera en Colima les juro que me la creer\u00eda.<\/p>\n<p>Sin embargo, una vez baj\u00e1ndose de la tribuna todos se abrazan, comen y duermen juntos porque lo que realmente les importa a los nuevos ricos, a la nueva clase pol\u00edtica que ahora se incrust\u00f3 en MORENA, son los grandes negocios que siempre los ha unido, siguen siendo socios y no les importa el partido que est\u00e9 en el poder.<\/p>\n<p>Antes las ganancias millonarias que obtienen bajo el amparo del poder ejecutivo, legislativo y hasta el judicial, las obten\u00edan con los gobiernos priistas, ahora lo hacen con los de MORENA.<\/p>\n<p>Y les dar\u00e9 unos datos: Una gran parte de los recursos se obtiene a trav\u00e9s de la asignaci\u00f3n de obras, equipo de tecnolog\u00eda, herramientas, parque vehicular y servicios, por lo que, si se puede evitar la transparencia, asignan de manera directa a familiares y amigos, incluso a los mismos funcionarios que utilizan a familiares como prestanombres, como el caso de un Servidor de la Naci\u00f3n oriundo de Armer\u00eda, aprovechando su influencia en el partido, meti\u00f3 a su esposa a cobrar millonarias cantidades de dinero a trav\u00e9s del presupuesto de Comunicaci\u00f3n Social, sin ser periodista o comunicadora, cuando gan\u00f3 MORENA inmediatamente echaron a andar una p\u00e1gina de facebook (a modo obviamente) para justificar el millonario pago.<\/p>\n<p>Otro dato: la obra p\u00fablica que es la que m\u00e1s genera tentaci\u00f3n a los funcionarios p\u00fablicos corruptos porque el dinero v\u00eda moches no es auditable, lo que se reparta v\u00eda 20 % de moche (antes era el 10 %) se queda de manera discrecional entre constructor y funcionario(a), y los constructores est\u00e1n monitoreando el programa de obras para ganarlas porque saben que les ser\u00e1n asignadas al mejor postor, al que se porte mejor con el moche o \u201ccooperaci\u00f3n voluntaria\u201d para las pr\u00f3ximas campa\u00f1as pol\u00edticas.<\/p>\n<p>Como les dije l\u00edneas arriba, a los pol\u00edticos que cobran hoy en la Cuarta Transformaci\u00f3n, no les importa el pueblo, les importa seguir acumulando ganancias millonarias y siguen manteniendo una sociedad comercial con los \u201cneoliberales\u201d o corruptos como ellos les llaman.<\/p>\n<p>Hace unas semanas lleg\u00f3 a Manzanillo la corcholata <strong>Claudia Sheinbaum<\/strong>, en donde fueron convocados por la gobernadora <strong>Indira Vizca\u00edno<\/strong>, empresarios, artistas, investigadores, miembros de comunidades ind\u00edgenas y deportistas, \u00a0as\u00ed como representantes de c\u00e1maras empresariales, \u00a0para la firma de un \u201cAcuerdo de la Unidad por la Transformaci\u00f3n\u201d.<\/p>\n<p>En dicha firma destacaron precisamente miembros distinguidos del neoliberalismo, que antes le besaban los pies al PRI y sus gobiernos y ahora est\u00e1n en MORENA, acudiendo a cuanto evento los invite el pap\u00e1 de la gobernadora y la gobernadora, precisamente porque quieren seguir manteniendo relaciones comerciales, de negocios y sociedad igual como lo hac\u00edan con los gobiernos priistas, Indira lo sabe, que no se le arriman por amor al pueblo, menos al partido, si no que\u00a0 est\u00e1n detr\u00e1s del dinero y los\u00a0 negocios.<\/p>\n<p>Otro dato y con esto termino por hoy: recientemente han hecho clic, empat\u00eda el gobierno municipal de Colima con el gobierno estatal, o tienen en com\u00fan las relaciones comerciales, que les gusta dinero r\u00e1pido y f\u00e1cil.<\/p>\n<p>Y es que en esa derrama de oportunidades de negocios para ese grupito de socios \u201cneoliberales\u201d, tambi\u00e9n aprovecharon ingresar a ambos gobiernos los empresarios cerveceros y mezcaleros de Colima, primeramente se arrimaron con la presidenta municipal de Colima, <strong>Margarita Moreno<\/strong>, v\u00eda\u00a0 intervenci\u00f3n y Visto Bueno de su director de Proyectos Estrat\u00e9gicos, el centavero de <strong>Fernando \u00a0\u201cEl Pollo\u201d Cruz Garc\u00eda<\/strong> y de <strong>Oscar Cervantes \u201cEl Chore\u201d<\/strong>, que se aventaron la jalada,\u00a0 inventaron y presentaron un proyecto a la alcaldesa <strong>Margarita Moreno<\/strong> de instalar centros de vicio en todo el jard\u00edn principal, denomin\u00e1ndole \u201cFeria del Mezcal\u201d y cerveza artesanal, proyecto que Mago Moreno \u00a0aprob\u00f3 sin chistar como quiere reelegirse, aprueba todo lo que le cuenten con tal de figurar politicamente y m\u00e1s lo que venga de ese parecito, que los protege y respalda en todo el marido de la alcaldesa, el diputado local priista,\u00a0 <strong>Carlos\u00a0 \u00abAlushe\u00bb Arturo Garc\u00eda Noriega.\u00a0<\/strong><\/p>\n<p>La finalidad de dichos festivales, ha pasado de promover la cultura como el Festival del Volc\u00e1n, ahora del mezcal a promover cuanta cerveza y mezcal se produzca en Colima, dej\u00e1ndole al municipio millonarios ingresos como agradecimiento de permitir instalarse en pleno jard\u00edn principal y embrutecer a quienes no conocen de esa cosecha cien por ciento artesanal.<\/p>\n<p>Y como el gobierno del estado, no se quiso quedar atr\u00e1s y ante la falta de proyectos y resultados, busc\u00f3 hacer lo mismo y v\u00eda el <em>\u201cpanista arrepentido\u201d<\/em> <strong>Paquito Rodr\u00edguez<\/strong>, secretario de Fomento Econ\u00f3mico en el gobierno estatal, dinerero como es su costumbre, compr\u00f3 el proyecto, pero \u00e9ste si se pas\u00f3 de vivo, utiliz\u00f3 la zona arqueol\u00f3gica \u201cLa Campana\u201d, un \u00e1rea natural protegida, para realizar un festival llamado #LagerFest, evento etilico, que no es m\u00e1s que una copia de lo que hizo Margarita Moreno en el centro de Colima. Y el INAH que tambi\u00e9n su director en Colima que se qued\u00f3 en el cargo de director, un priista corrupto como le llaman los de MORENA, respald\u00f3 para no tener problemas con AMLO e Indira.<\/p>\n<p>Paquito convirti\u00f3 dicha zona arqueol\u00f3gica en una Mega cantina, con el objetivo de seguir manteniendo relaciones comerciales y de sociedad con los mismos que seg\u00fan MORENA son corruptos porque vienen del PRIAN, pero en realidad son socios y obtienen millonarias ganancias bajo el amparo del poder, no importa el partido que gane, los une el dinero y la ambici\u00f3n.<\/p>\n<p><em>Soy periodista y abogado*<\/em><\/p>\n","protected":false},"excerpt":{"rendered":"<p>Observador Pol\u00edtico Belisario Romero S\u00e1nchez*\u00a0\u00a0 Ahorita que est\u00e1 gobernando en Colima el partido MORENA, cu\u00e1ntas veces hemos escuchado frases ya muy trillada que s\u00f3lo quedaron en mero discurso, como \u00abno somos iguales\u00bb, \u00abLos del PRI-AN robaron m\u00e1s\u00bb, \u00abnos dejaron las finanzas colapsadas\u00bb, \u00abLa culpa es de los anteriores\u00bb, etc., etc\u00e9tera. Un discurso pol\u00edtico que pretenden&#8230;<\/p>\n","protected":false},"author":2,"featured_media":28874,"comment_status":"open","ping_status":"open","sticky":false,"template":"","format":"standard","meta":{"footnotes":""},"categories":[11],"tags":[29,30,28],"class_list":["post-28873","post","type-post","status-publish","format-standard","has-post-thumbnail","hentry","category-opinion","tag-grid","tag-news","tag-slider"],"_links":{"self":[{"href":"http:\/\/elobservatorio.com.mx\/index.php?rest_route=\/wp\/v2\/posts\/28873"}],"collection":[{"href":"http:\/\/elobservatorio.com.mx\/index.php?rest_route=\/wp\/v2\/posts"}],"about":[{"href":"http:\/\/elobservatorio.com.mx\/index.php?rest_route=\/wp\/v2\/types\/post"}],"author":[{"embeddable":true,"href":"http:\/\/elobservatorio.com.mx\/index.php?rest_route=\/wp\/v2\/users\/2"}],"replies":[{"embeddable":true,"href":"http:\/\/elobservatorio.com.mx\/index.php?rest_route=%2Fwp%2Fv2%2Fcomments&post=28873"}],"version-history":[{"count":5,"href":"http:\/\/elobservatorio.com.mx\/index.php?rest_route=\/wp\/v2\/posts\/28873\/revisions"}],"predecessor-version":[{"id":28880,"href":"http:\/\/elobservatorio.com.mx\/index.php?rest_route=\/wp\/v2\/posts\/28873\/revisions\/28880"}],"wp:featuredmedia":[{"embeddable":true,"href":"http:\/\/elobservatorio.com.mx\/index.php?rest_route=\/wp\/v2\/media\/28874"}],"wp:attachment":[{"href":"http:\/\/elobservatorio.com.mx\/index.php?rest_route=%2Fwp%2Fv2%2Fmedia&parent=28873"}],"wp:term":[{"taxonomy":"category","embeddable":true,"href":"http:\/\/elobservatorio.com.mx\/index.php?rest_route=%2Fwp%2Fv2%2Fcategories&post=28873"},{"taxonomy":"post_tag","embeddable":true,"href":"http:\/\/elobservatorio.com.mx\/index.php?rest_route=%2Fwp%2Fv2%2Ftags&post=28873"}],"curies":[{"name":"wp","href":"https:\/\/api.w.org\/{rel}","templated":true}]}}