{"id":28881,"date":"2023-11-23T09:51:01","date_gmt":"2023-11-23T15:51:01","guid":{"rendered":"http:\/\/elobservatorio.com.mx\/?p=28881"},"modified":"2023-11-23T09:51:01","modified_gmt":"2023-11-23T15:51:01","slug":"asiste-rector-de-la-udec-al-segundo-informe-y-mensaje-de-la-gobernadora-indira-vizcaino","status":"publish","type":"post","link":"http:\/\/elobservatorio.com.mx\/?p=28881","title":{"rendered":"Asiste rector de la UdeC al segundo informe y mensaje de la gobernadora Indira Vizca\u00edno"},"content":{"rendered":"<p>El rector de la Universidad de Colima, Christian Jorge Torres Ortiz Zerme\u00f1o y la presidenta del Voluntariado, Blanca Liliana D\u00edaz V\u00e1zquez, asistieron este mi\u00e9rcoles por la tarde, como invitados de honor, al mensaje por el Segundo Informe de labores que dio la gobernadora Indira Vizca\u00edno Silva. Este evento se realiz\u00f3 en la explanada de la antigua zona militar de Colima. Horas antes, el rector acudi\u00f3 tambi\u00e9n al informe presentado por la mandataria ante el Honorable Congreso del Estado de Colima.<\/p>\n","protected":false},"excerpt":{"rendered":"<p>El rector de la Universidad de Colima, Christian Jorge Torres Ortiz Zerme\u00f1o y la presidenta del Voluntariado, Blanca Liliana D\u00edaz V\u00e1zquez, asistieron este mi\u00e9rcoles por la tarde, como invitados de honor, al mensaje por el Segundo Informe de labores que dio la gobernadora Indira Vizca\u00edno Silva. Este evento se realiz\u00f3 en la explanada de la&#8230;<\/p>\n","protected":false},"author":2,"featured_media":28882,"comment_status":"open","ping_status":"open","sticky":false,"template":"","format":"standard","meta":{"footnotes":""},"categories":[19],"tags":[29,30,28],"class_list":["post-28881","post","type-post","status-publish","format-standard","has-post-thumbnail","hentry","category-fotonotas","tag-grid","tag-news","tag-slider"],"_links":{"self":[{"href":"http:\/\/elobservatorio.com.mx\/index.php?rest_route=\/wp\/v2\/posts\/28881"}],"collection":[{"href":"http:\/\/elobservatorio.com.mx\/index.php?rest_route=\/wp\/v2\/posts"}],"about":[{"href":"http:\/\/elobservatorio.com.mx\/index.php?rest_route=\/wp\/v2\/types\/post"}],"author":[{"embeddable":true,"href":"http:\/\/elobservatorio.com.mx\/index.php?rest_route=\/wp\/v2\/users\/2"}],"replies":[{"embeddable":true,"href":"http:\/\/elobservatorio.com.mx\/index.php?rest_route=%2Fwp%2Fv2%2Fcomments&post=28881"}],"version-history":[{"count":1,"href":"http:\/\/elobservatorio.com.mx\/index.php?rest_route=\/wp\/v2\/posts\/28881\/revisions"}],"predecessor-version":[{"id":28883,"href":"http:\/\/elobservatorio.com.mx\/index.php?rest_route=\/wp\/v2\/posts\/28881\/revisions\/28883"}],"wp:featuredmedia":[{"embeddable":true,"href":"http:\/\/elobservatorio.com.mx\/index.php?rest_route=\/wp\/v2\/media\/28882"}],"wp:attachment":[{"href":"http:\/\/elobservatorio.com.mx\/index.php?rest_route=%2Fwp%2Fv2%2Fmedia&parent=28881"}],"wp:term":[{"taxonomy":"category","embeddable":true,"href":"http:\/\/elobservatorio.com.mx\/index.php?rest_route=%2Fwp%2Fv2%2Fcategories&post=28881"},{"taxonomy":"post_tag","embeddable":true,"href":"http:\/\/elobservatorio.com.mx\/index.php?rest_route=%2Fwp%2Fv2%2Ftags&post=28881"}],"curies":[{"name":"wp","href":"https:\/\/api.w.org\/{rel}","templated":true}]}}