{"id":28884,"date":"2023-11-23T10:25:16","date_gmt":"2023-11-23T16:25:16","guid":{"rendered":"http:\/\/elobservatorio.com.mx\/?p=28884"},"modified":"2023-11-23T10:25:16","modified_gmt":"2023-11-23T16:25:16","slug":"realizan-en-derecho-feria-de-servicio-social-y-practica-profesional","status":"publish","type":"post","link":"http:\/\/elobservatorio.com.mx\/?p=28884","title":{"rendered":"Realizan en Derecho Feria de Servicio Social y Pr\u00e1ctica Profesional"},"content":{"rendered":"<p><em>* <\/em><em>La idea es que las y los alumnos puedan resolver sus dudas, para que tomen la mejor decisi\u00f3n del lugar donde puedan prestar su servicio social o pr\u00e1ctica profesional.<\/em><\/p>\n<p>En d\u00edas pasados se realiz\u00f3 la segunda Feria de Servicio Social y Pr\u00e1ctica Profesional en la Facultad de Derecho de la Universidad de Colima. La feria, dirigida a estudiantes del quinto y s\u00e9ptimo semestre, estuvo organizado por el Comit\u00e9 de Extensi\u00f3n y Vinculaci\u00f3n de dicho plantel.<\/p>\n<p>El objetivo fue que las y los estudiantes interact\u00faen con las dependencias p\u00fablicas, despachos y notar\u00edas del estado y conozcan las actividades relacionadas con el Derecho que se realizan en ellas, as\u00ed como los horarios laborales, ubicaci\u00f3n, etc\u00e9tera. La idea es que puedan resolver sus dudas para que tomen la mejor decisi\u00f3n del lugar donde puedan prestar su servicio social o pr\u00e1ctica profesional.<\/p>\n<p>En esta feria participaron la Procuradur\u00eda Agraria, el Ayuntamiento de Colima, la Comisi\u00f3n Estatal de Derechos Humanos, la Representaci\u00f3n Federal del Trabajo en Colima, la Procuradur\u00eda de Protecci\u00f3n para las Ni\u00f1as, Ni\u00f1os y Adolescentes del Estado de Colima, el Servicio de Administraci\u00f3n Tributaria, el Instituto de Transparencia, Acceso a la Informaci\u00f3n P\u00fablica y Protecci\u00f3n de Datos del Estado de Colima, el Centro de Conciliaci\u00f3n Laboral del Estado de Colima, el Tribunal Agrario Distrito 38, el IMSS y la Junta Local Ejecutiva del INE en Colima.<\/p>\n<p>Los despachos y notar\u00edas participantes fueron: Notar\u00eda P\u00fablica No.13, SA, Abogados; S\u00e1nchez Aros Consultores, IUSTIC Abogados, Sandoval Chac\u00f3n Abogados y TRIHELIX SAPI de C.V.<\/p>\n<p>C\u00e9sar G\u00f3mez Santos, responsable de la organizaci\u00f3n de la feria, coment\u00f3 que la respuesta a este evento \u201cfue de agradecimiento por la oportunidad de conocer las actividades y acciones que realizan las instituciones y empresas donde podr\u00edan prestar su servicio social y pr\u00e1ctica profesional\u201d.<\/p>\n<p>Por \u00faltimo, mencion\u00f3 que debido a la buena respuesta de quienes estudian en estos semestres, se pretende que cada semestre se realice la feria o por lo menos una vez al a\u00f1o.<\/p>\n<p>&nbsp;<\/p>\n","protected":false},"excerpt":{"rendered":"<p>* La idea es que las y los alumnos puedan resolver sus dudas, para que tomen la mejor decisi\u00f3n del lugar donde puedan prestar su servicio social o pr\u00e1ctica profesional. En d\u00edas pasados se realiz\u00f3 la segunda Feria de Servicio Social y Pr\u00e1ctica Profesional en la Facultad de Derecho de la Universidad de Colima. La&#8230;<\/p>\n","protected":false},"author":2,"featured_media":28885,"comment_status":"open","ping_status":"open","sticky":false,"template":"","format":"standard","meta":{"footnotes":""},"categories":[14],"tags":[29,30,28],"class_list":["post-28884","post","type-post","status-publish","format-standard","has-post-thumbnail","hentry","category-educacion-y-cultura","tag-grid","tag-news","tag-slider"],"_links":{"self":[{"href":"http:\/\/elobservatorio.com.mx\/index.php?rest_route=\/wp\/v2\/posts\/28884"}],"collection":[{"href":"http:\/\/elobservatorio.com.mx\/index.php?rest_route=\/wp\/v2\/posts"}],"about":[{"href":"http:\/\/elobservatorio.com.mx\/index.php?rest_route=\/wp\/v2\/types\/post"}],"author":[{"embeddable":true,"href":"http:\/\/elobservatorio.com.mx\/index.php?rest_route=\/wp\/v2\/users\/2"}],"replies":[{"embeddable":true,"href":"http:\/\/elobservatorio.com.mx\/index.php?rest_route=%2Fwp%2Fv2%2Fcomments&post=28884"}],"version-history":[{"count":1,"href":"http:\/\/elobservatorio.com.mx\/index.php?rest_route=\/wp\/v2\/posts\/28884\/revisions"}],"predecessor-version":[{"id":28886,"href":"http:\/\/elobservatorio.com.mx\/index.php?rest_route=\/wp\/v2\/posts\/28884\/revisions\/28886"}],"wp:featuredmedia":[{"embeddable":true,"href":"http:\/\/elobservatorio.com.mx\/index.php?rest_route=\/wp\/v2\/media\/28885"}],"wp:attachment":[{"href":"http:\/\/elobservatorio.com.mx\/index.php?rest_route=%2Fwp%2Fv2%2Fmedia&parent=28884"}],"wp:term":[{"taxonomy":"category","embeddable":true,"href":"http:\/\/elobservatorio.com.mx\/index.php?rest_route=%2Fwp%2Fv2%2Fcategories&post=28884"},{"taxonomy":"post_tag","embeddable":true,"href":"http:\/\/elobservatorio.com.mx\/index.php?rest_route=%2Fwp%2Fv2%2Ftags&post=28884"}],"curies":[{"name":"wp","href":"https:\/\/api.w.org\/{rel}","templated":true}]}}