{"id":28890,"date":"2023-11-23T11:10:59","date_gmt":"2023-11-23T17:10:59","guid":{"rendered":"http:\/\/elobservatorio.com.mx\/?p=28890"},"modified":"2023-11-23T11:10:59","modified_gmt":"2023-11-23T17:10:59","slug":"ayuntamiento-presentara-a-oaxaca-y-la-guelaguetza-en-el-centro-de-manzanillo","status":"publish","type":"post","link":"http:\/\/elobservatorio.com.mx\/?p=28890","title":{"rendered":"Ayuntamiento presentar\u00e1 a Oaxaca y la Guelaguetza en el centro de Manzanillo"},"content":{"rendered":"<p>Por instrucciones de la presidenta Griselda Mart\u00ednez, una nueva experiencia artesanal y cultural se vivir\u00e1 del 24 de noviembre al 10 de diciembre en la explanada de la Plaza Ju\u00e1rez en el centro de la ciudad, se trata de \u201cOaxaca y la Guelaguetza en Manzanillo 2023\u201d.<\/p>\n<p>El Ayuntamiento de Manzanillo, a trav\u00e9s del Instituto Municipal de la Cultura y la direcci\u00f3n general de Participaci\u00f3n y Desarrollo Comunitario, se desarrollar\u00e1 este evento donde acercar\u00e1 toda una gama artesanal de dicho estado del pa\u00eds, su gastronom\u00eda y adem\u00e1s habr\u00e1 presentaciones culturales y art\u00edsticas.<\/p>\n<p>Durante el desarrollo de este evento, en todos sus d\u00edas, las actividades, que ser\u00e1n gratuitas, comenzar\u00e1n a las 9 de la ma\u00f1ana y terminar\u00e1n a las 10 de la noche.<\/p>\n<p>En fecha pr\u00f3xima, se anunciar\u00e1n los d\u00edas y horarios de las presentaciones folcl\u00f3ricas de la Guelaguetza, t\u00e9rmino que se deriva del vocablo zapoteco guendalezaa que significa \u201cOfrenda, presente o cumplimiento\u201d, la cual es una de las tradiciones con m\u00e1s popularidad en el estado de Oaxaca y que tiene su origen desde la \u00e9poca prehisp\u00e1nica.<\/p>\n","protected":false},"excerpt":{"rendered":"<p>Por instrucciones de la presidenta Griselda Mart\u00ednez, una nueva experiencia artesanal y cultural se vivir\u00e1 del 24 de noviembre al 10 de diciembre en la explanada de la Plaza Ju\u00e1rez en el centro de la ciudad, se trata de \u201cOaxaca y la Guelaguetza en Manzanillo 2023\u201d. El Ayuntamiento de Manzanillo, a trav\u00e9s del Instituto Municipal&#8230;<\/p>\n","protected":false},"author":2,"featured_media":28891,"comment_status":"open","ping_status":"open","sticky":false,"template":"","format":"standard","meta":{"footnotes":""},"categories":[35,8],"tags":[29,30,28],"class_list":["post-28890","post","type-post","status-publish","format-standard","has-post-thumbnail","hentry","category-manzanillo","category-municipios","tag-grid","tag-news","tag-slider"],"_links":{"self":[{"href":"http:\/\/elobservatorio.com.mx\/index.php?rest_route=\/wp\/v2\/posts\/28890"}],"collection":[{"href":"http:\/\/elobservatorio.com.mx\/index.php?rest_route=\/wp\/v2\/posts"}],"about":[{"href":"http:\/\/elobservatorio.com.mx\/index.php?rest_route=\/wp\/v2\/types\/post"}],"author":[{"embeddable":true,"href":"http:\/\/elobservatorio.com.mx\/index.php?rest_route=\/wp\/v2\/users\/2"}],"replies":[{"embeddable":true,"href":"http:\/\/elobservatorio.com.mx\/index.php?rest_route=%2Fwp%2Fv2%2Fcomments&post=28890"}],"version-history":[{"count":1,"href":"http:\/\/elobservatorio.com.mx\/index.php?rest_route=\/wp\/v2\/posts\/28890\/revisions"}],"predecessor-version":[{"id":28892,"href":"http:\/\/elobservatorio.com.mx\/index.php?rest_route=\/wp\/v2\/posts\/28890\/revisions\/28892"}],"wp:featuredmedia":[{"embeddable":true,"href":"http:\/\/elobservatorio.com.mx\/index.php?rest_route=\/wp\/v2\/media\/28891"}],"wp:attachment":[{"href":"http:\/\/elobservatorio.com.mx\/index.php?rest_route=%2Fwp%2Fv2%2Fmedia&parent=28890"}],"wp:term":[{"taxonomy":"category","embeddable":true,"href":"http:\/\/elobservatorio.com.mx\/index.php?rest_route=%2Fwp%2Fv2%2Fcategories&post=28890"},{"taxonomy":"post_tag","embeddable":true,"href":"http:\/\/elobservatorio.com.mx\/index.php?rest_route=%2Fwp%2Fv2%2Ftags&post=28890"}],"curies":[{"name":"wp","href":"https:\/\/api.w.org\/{rel}","templated":true}]}}