{"id":28893,"date":"2023-11-23T11:31:27","date_gmt":"2023-11-23T17:31:27","guid":{"rendered":"http:\/\/elobservatorio.com.mx\/?p=28893"},"modified":"2023-11-23T11:31:27","modified_gmt":"2023-11-23T17:31:27","slug":"cumple-tey-uniformando-a-elementos-de-proteccion-civil-villa-de-alvarez","status":"publish","type":"post","link":"http:\/\/elobservatorio.com.mx\/?p=28893","title":{"rendered":"Cumple Tey uniformando a elementos de Protecci\u00f3n Civil Villa de \u00c1lvarez"},"content":{"rendered":"<p><em>*Son nuestros h\u00e9roes sin capa: asegura la Alcaldesa<\/em><\/p>\n<p>Villa de \u00c1lvarez, Col.- La Presidenta Tey Guti\u00e9rrez Andrade entreg\u00f3 calzado y 70 uniformes a igual n\u00famero de integrantes de la Unidad Municipal de Protecci\u00f3n Civil de Villa de \u00c1lvarez, cumpliendo as\u00ed una de las Metas Estrat\u00e9gicas del Programa de Gobierno del A\u00f1o 2023.<\/p>\n<p>En el marco de la S\u00e9tima Sesi\u00f3n Ordinaria del Consejo Municipal de PC, dijo que todos quienes integran PC Villa de \u00c1lvarez son aut\u00e9nticos h\u00e9roes sin capa y de quienes se siente muy orgullosa, pues aunque las condiciones con las que prestan sus servicios no son las \u00f3ptimas, tienen la mejor de las voluntades para resolver las emergencias que se presentan.<\/p>\n<p>\u201cEl d\u00eda de hoy les entregamos estos uniformes con mucho cari\u00f1o y mucho respeto al trabajo que realizan d\u00eda con d\u00eda, ya que ustedes son nuestros h\u00e9roes sin capa, pues en ocasiones la gente no se da cuenta de todo el esfuerzo y sacrificio que hacen para atender a lo m\u00e1s valioso que tenemos, que es la poblaci\u00f3n de nuestro municipio\u201d, se\u00f1al\u00f3 Guti\u00e9rrez Andrade.<\/p>\n<p>Expreso que el trabajo que realiza PC es medular, es muy importante y es prioritario, al igual que el de URIE, \u201cnuestros grandes aliados, que siempre hacen equipo con nosotros, pues s\u00f3lo sumando voluntades es que podemos atender a la poblaci\u00f3n\u201d.<\/p>\n<p>A nombre de sus compa\u00f1eros y compa\u00f1eras, Fernando Romero se\u00f1al\u00f3 que la entrega de uniformes y calzado motiva a seguir perteneciendo a la Unidad Municipal de Protecci\u00f3n Civil, por lo que agradeci\u00f3 a Tey Guti\u00e9rrez pensar en el beneficio del personal voluntario de esa instituci\u00f3n.<\/p>\n<p>El material entregado consisti\u00f3 en 70 playeras tipo polo hipoalerg\u00e9nicas con logotipos bordados, 70 pantalones All Teck con tela impermeable y 57 pares de botas t\u00e1cticas todo terreno.<\/p>\n<p>Antes, Israel Mendoza, titular de la Unidad Municipal de Protecci\u00f3n Civil, rindi\u00f3 el informe de las actividades realizadas de enero a octubre de 2023, de las que destacan los 2 mil 809 servicios atendidos, entre ellos las 970 atenciones prehospitalarias; los 469 incendios de casas, carros, pastizales y comercios; 452 enjambres, 308 \u00e1rboles ca\u00eddos, 156 fugas de gas y 118 accidentes viales.<\/p>\n<p>Erick Gonz\u00e1les de PC Estatal, felicit\u00f3 a Tey Guti\u00e9rrez por los uniformes entregados, pues los integrantes de la Unidad Municipal de Protecci\u00f3n Civil siempre est\u00e1n muy atentos a los servicios que solicita la poblaci\u00f3n y al trabajo coordinado.<\/p>\n<p>El Coronel Jaime Gerardo Torres, representante del Comandante de la 20 Zona Militar, General Adolfo H\u00e9ctor Tonatiuh Velasco, reconoci\u00f3 a la Unidad Municipal de PC por el trabajo que realiza y el fortalecimiento de las capacidades de ese corporaci\u00f3n por parte de la Presidenta Municipal, pues los fen\u00f3menos meteorol\u00f3gicos cada vez son m\u00e1s destructivos<\/p>\n","protected":false},"excerpt":{"rendered":"<p>*Son nuestros h\u00e9roes sin capa: asegura la Alcaldesa Villa de \u00c1lvarez, Col.- La Presidenta Tey Guti\u00e9rrez Andrade entreg\u00f3 calzado y 70 uniformes a igual n\u00famero de integrantes de la Unidad Municipal de Protecci\u00f3n Civil de Villa de \u00c1lvarez, cumpliendo as\u00ed una de las Metas Estrat\u00e9gicas del Programa de Gobierno del A\u00f1o 2023. En el marco&#8230;<\/p>\n","protected":false},"author":2,"featured_media":28894,"comment_status":"open","ping_status":"open","sticky":false,"template":"","format":"standard","meta":{"footnotes":""},"categories":[8,42],"tags":[29,30,28],"class_list":["post-28893","post","type-post","status-publish","format-standard","has-post-thumbnail","hentry","category-municipios","category-villa-de-alvarez","tag-grid","tag-news","tag-slider"],"_links":{"self":[{"href":"http:\/\/elobservatorio.com.mx\/index.php?rest_route=\/wp\/v2\/posts\/28893"}],"collection":[{"href":"http:\/\/elobservatorio.com.mx\/index.php?rest_route=\/wp\/v2\/posts"}],"about":[{"href":"http:\/\/elobservatorio.com.mx\/index.php?rest_route=\/wp\/v2\/types\/post"}],"author":[{"embeddable":true,"href":"http:\/\/elobservatorio.com.mx\/index.php?rest_route=\/wp\/v2\/users\/2"}],"replies":[{"embeddable":true,"href":"http:\/\/elobservatorio.com.mx\/index.php?rest_route=%2Fwp%2Fv2%2Fcomments&post=28893"}],"version-history":[{"count":1,"href":"http:\/\/elobservatorio.com.mx\/index.php?rest_route=\/wp\/v2\/posts\/28893\/revisions"}],"predecessor-version":[{"id":28895,"href":"http:\/\/elobservatorio.com.mx\/index.php?rest_route=\/wp\/v2\/posts\/28893\/revisions\/28895"}],"wp:featuredmedia":[{"embeddable":true,"href":"http:\/\/elobservatorio.com.mx\/index.php?rest_route=\/wp\/v2\/media\/28894"}],"wp:attachment":[{"href":"http:\/\/elobservatorio.com.mx\/index.php?rest_route=%2Fwp%2Fv2%2Fmedia&parent=28893"}],"wp:term":[{"taxonomy":"category","embeddable":true,"href":"http:\/\/elobservatorio.com.mx\/index.php?rest_route=%2Fwp%2Fv2%2Fcategories&post=28893"},{"taxonomy":"post_tag","embeddable":true,"href":"http:\/\/elobservatorio.com.mx\/index.php?rest_route=%2Fwp%2Fv2%2Ftags&post=28893"}],"curies":[{"name":"wp","href":"https:\/\/api.w.org\/{rel}","templated":true}]}}