{"id":28899,"date":"2023-11-23T12:28:24","date_gmt":"2023-11-23T18:28:24","guid":{"rendered":"http:\/\/elobservatorio.com.mx\/?p=28899"},"modified":"2023-11-23T12:28:24","modified_gmt":"2023-11-23T18:28:24","slug":"serapio-de-casas-se-registra-para-buscar-candidatura-a-la-alcaldia-de-tecoman-por-morena","status":"publish","type":"post","link":"http:\/\/elobservatorio.com.mx\/?p=28899","title":{"rendered":"Serapio de Casas se registra para buscar candidatura a la alcald\u00eda de Tecom\u00e1n, por Morena"},"content":{"rendered":"<p>Serapio de Casas Miramontes, militante de Morena en Tecom\u00e1n, dio a conocer que realiz\u00f3 el proceso de registro en busca de ser el candidato de este partido pol\u00edtico a la alcald\u00eda del municipio.<\/p>\n<p>De Casas Miramontes, fue regidor en la administraci\u00f3n 2018-2021, presentando diversas iniciativas a favor de los tecomenses, levant\u00f3 la voz inclusive en contra del propio alcalde en turno, para no afectar los intereses de los ciudadanos y durante los 3 a\u00f1os como mun\u00edcipe particip\u00f3 en las sesiones de cabildo y atendi\u00f3 a los ciudadanos que as\u00ed lo solicitaron.<\/p>\n<p>Serapio de Casas, de profesi\u00f3n ingeniero, casado y 3 hijos ya profesionistas, dijo que el objetivo es continuar transformando el municipio, esperando sumar liderazgos y en las fechas que dentro del partido sea permitido, se den a conocer propuestas que beneficiaran a todos los tecomenses.<\/p>\n","protected":false},"excerpt":{"rendered":"<p>Serapio de Casas Miramontes, militante de Morena en Tecom\u00e1n, dio a conocer que realiz\u00f3 el proceso de registro en busca de ser el candidato de este partido pol\u00edtico a la alcald\u00eda del municipio. De Casas Miramontes, fue regidor en la administraci\u00f3n 2018-2021, presentando diversas iniciativas a favor de los tecomenses, levant\u00f3 la voz inclusive en&#8230;<\/p>\n","protected":false},"author":2,"featured_media":28900,"comment_status":"open","ping_status":"open","sticky":false,"template":"","format":"standard","meta":{"footnotes":""},"categories":[10],"tags":[29,30,28],"class_list":["post-28899","post","type-post","status-publish","format-standard","has-post-thumbnail","hentry","category-politica","tag-grid","tag-news","tag-slider"],"_links":{"self":[{"href":"http:\/\/elobservatorio.com.mx\/index.php?rest_route=\/wp\/v2\/posts\/28899"}],"collection":[{"href":"http:\/\/elobservatorio.com.mx\/index.php?rest_route=\/wp\/v2\/posts"}],"about":[{"href":"http:\/\/elobservatorio.com.mx\/index.php?rest_route=\/wp\/v2\/types\/post"}],"author":[{"embeddable":true,"href":"http:\/\/elobservatorio.com.mx\/index.php?rest_route=\/wp\/v2\/users\/2"}],"replies":[{"embeddable":true,"href":"http:\/\/elobservatorio.com.mx\/index.php?rest_route=%2Fwp%2Fv2%2Fcomments&post=28899"}],"version-history":[{"count":1,"href":"http:\/\/elobservatorio.com.mx\/index.php?rest_route=\/wp\/v2\/posts\/28899\/revisions"}],"predecessor-version":[{"id":28901,"href":"http:\/\/elobservatorio.com.mx\/index.php?rest_route=\/wp\/v2\/posts\/28899\/revisions\/28901"}],"wp:featuredmedia":[{"embeddable":true,"href":"http:\/\/elobservatorio.com.mx\/index.php?rest_route=\/wp\/v2\/media\/28900"}],"wp:attachment":[{"href":"http:\/\/elobservatorio.com.mx\/index.php?rest_route=%2Fwp%2Fv2%2Fmedia&parent=28899"}],"wp:term":[{"taxonomy":"category","embeddable":true,"href":"http:\/\/elobservatorio.com.mx\/index.php?rest_route=%2Fwp%2Fv2%2Fcategories&post=28899"},{"taxonomy":"post_tag","embeddable":true,"href":"http:\/\/elobservatorio.com.mx\/index.php?rest_route=%2Fwp%2Fv2%2Ftags&post=28899"}],"curies":[{"name":"wp","href":"https:\/\/api.w.org\/{rel}","templated":true}]}}