{"id":28977,"date":"2023-12-05T19:36:49","date_gmt":"2023-12-06T01:36:49","guid":{"rendered":"http:\/\/elobservatorio.com.mx\/?p=28977"},"modified":"2023-12-05T19:36:49","modified_gmt":"2023-12-06T01:36:49","slug":"con-tey-villa-de-alvarez-ha-tenido-dos-anos-de-buenos-resultados-coinciden-pri-y-morena","status":"publish","type":"post","link":"http:\/\/elobservatorio.com.mx\/?p=28977","title":{"rendered":"Con Tey, Villa de \u00c1lvarez ha tenido dos a\u00f1os de buenos resultados, coinciden PRI y Morena"},"content":{"rendered":"<p><em>*Legisladores H\u00e9ctor Maga\u00f1a y Armando Reyna reconocen trabajo que Alcaldesa realiza en barrios y colonias<\/em><\/p>\n<p>Villa de \u00c1lvarez, Col.- Los diputados locales, H\u00e9ctor Maga\u00f1a, del PRI, y Armando Reyna, de Morena, coincidieron al se\u00f1alar que los dos primeros a\u00f1os del gobierno que en Villa de \u00c1lvarez encabeza la Presidenta Tey Guti\u00e9rrez Andrade, han sido de buenos resultados.<\/p>\n<p>El coordinador del Grupo Parlamentario del PRI en el Congreso del Estado, consider\u00f3 que con el Gobierno de Tey Guti\u00e9rrez, Villa de \u00c1lvarez ha tenido dos a\u00f1os de buenos resultados, gracias al trabajo permanente que la Alcaldesa, junto con todas y todos los trabajadores del Ayuntamiento, realiza en cada una de las colonias del municipio.<\/p>\n<p>\u201cMi felicitaci\u00f3n y mi reconocimiento por un trabajo excelente y lo veo como vecino de este municipio, veo los resultados tangibles y no es s\u00f3lo en una colonia sino en todas, aunque aqu\u00ed lo importante es lo que la gente siente y eso hay que celebrarlo y festejarlo, pero sobre todo, reconoc\u00e9rselo a la Maestra y a todo su equipo de trabajo\u201d, puntualiz\u00f3.<\/p>\n<p>H\u00e9ctor Maga\u00f1a manifest\u00f3 que la administraci\u00f3n municipal de Villa de \u00c1lvarez es un referente, pues est\u00e1 cumpliendo con sus compromisos de campa\u00f1a y las acciones se perciben en una mejor calidad de vida para sus habitantes.<\/p>\n<p>\u201cYo creo que los mismos ciudadanos reconocen los buenos resultados (de Tey Guti\u00e9rrez)\u201d, expres\u00f3 Armando Reyna, coordinador del Grupo Parlamentario de Morena en el Congreso del Estado.<\/p>\n<p>El tambi\u00e9n Presidente del Poder Legislativo del Estado de Colima estim\u00f3 que la actual administraci\u00f3n municipal de Villa de \u00c1lvarez trabaja por la gente, es cercano a la poblaci\u00f3n, \u201cveo a la Presidenta que anda en los barrios y en las colonias. Creo que est\u00e1 haciendo un buen trabajo\u201d.<\/p>\n","protected":false},"excerpt":{"rendered":"<p>*Legisladores H\u00e9ctor Maga\u00f1a y Armando Reyna reconocen trabajo que Alcaldesa realiza en barrios y colonias Villa de \u00c1lvarez, Col.- Los diputados locales, H\u00e9ctor Maga\u00f1a, del PRI, y Armando Reyna, de Morena, coincidieron al se\u00f1alar que los dos primeros a\u00f1os del gobierno que en Villa de \u00c1lvarez encabeza la Presidenta Tey Guti\u00e9rrez Andrade, han sido de&#8230;<\/p>\n","protected":false},"author":2,"featured_media":28978,"comment_status":"open","ping_status":"open","sticky":false,"template":"","format":"standard","meta":{"footnotes":""},"categories":[8,42],"tags":[29,30,28],"class_list":["post-28977","post","type-post","status-publish","format-standard","has-post-thumbnail","hentry","category-municipios","category-villa-de-alvarez","tag-grid","tag-news","tag-slider"],"_links":{"self":[{"href":"http:\/\/elobservatorio.com.mx\/index.php?rest_route=\/wp\/v2\/posts\/28977"}],"collection":[{"href":"http:\/\/elobservatorio.com.mx\/index.php?rest_route=\/wp\/v2\/posts"}],"about":[{"href":"http:\/\/elobservatorio.com.mx\/index.php?rest_route=\/wp\/v2\/types\/post"}],"author":[{"embeddable":true,"href":"http:\/\/elobservatorio.com.mx\/index.php?rest_route=\/wp\/v2\/users\/2"}],"replies":[{"embeddable":true,"href":"http:\/\/elobservatorio.com.mx\/index.php?rest_route=%2Fwp%2Fv2%2Fcomments&post=28977"}],"version-history":[{"count":1,"href":"http:\/\/elobservatorio.com.mx\/index.php?rest_route=\/wp\/v2\/posts\/28977\/revisions"}],"predecessor-version":[{"id":28979,"href":"http:\/\/elobservatorio.com.mx\/index.php?rest_route=\/wp\/v2\/posts\/28977\/revisions\/28979"}],"wp:featuredmedia":[{"embeddable":true,"href":"http:\/\/elobservatorio.com.mx\/index.php?rest_route=\/wp\/v2\/media\/28978"}],"wp:attachment":[{"href":"http:\/\/elobservatorio.com.mx\/index.php?rest_route=%2Fwp%2Fv2%2Fmedia&parent=28977"}],"wp:term":[{"taxonomy":"category","embeddable":true,"href":"http:\/\/elobservatorio.com.mx\/index.php?rest_route=%2Fwp%2Fv2%2Fcategories&post=28977"},{"taxonomy":"post_tag","embeddable":true,"href":"http:\/\/elobservatorio.com.mx\/index.php?rest_route=%2Fwp%2Fv2%2Ftags&post=28977"}],"curies":[{"name":"wp","href":"https:\/\/api.w.org\/{rel}","templated":true}]}}