{"id":28986,"date":"2023-12-05T20:30:21","date_gmt":"2023-12-06T02:30:21","guid":{"rendered":"http:\/\/elobservatorio.com.mx\/?p=28986"},"modified":"2023-12-05T20:30:21","modified_gmt":"2023-12-06T02:30:21","slug":"benefician-alumnos-del-bachillerato-18-colonia-jardines-del-llano-en-coquimatlan","status":"publish","type":"post","link":"http:\/\/elobservatorio.com.mx\/?p=28986","title":{"rendered":"Benefician alumnos del Bachillerato 18 colonia Jardines del Llano, en Coquimatl\u00e1n"},"content":{"rendered":"<p><em>*M\u00e1s de 100 estudiantes participaron en las actividades de limpieza. El \u00e1rea intervenida abarca m\u00e1s de 500 metros y beneficia a cientos de habitantes de esta colonia.<\/em><\/p>\n<p>Este fin de semana, m\u00e1s de 100 alumnos del Bachillerato 18 de la Universidad de Colima, realizaron por m\u00e1s de 9 horas trabajos de limpieza de basura, desmonte y colocaci\u00f3n de botes de basura y letreros informativos en la Colonia Jardines del Llano, en el municipio de Coquimatl\u00e1n, como parte del proyecto integrador de los terceros semestres y la materia Medio Ambiente y Sociedad.<\/p>\n<p>Durante la intervenci\u00f3n contaron con el apoyo de personal de la Direcci\u00f3n de Seguridad P\u00fablica y de elementos de Protecci\u00f3n Civil del Ayuntamiento de Coquimatl\u00e1n, gracias a las gestiones de las y los estudiantes Perla Yaretsi Rivera Acevedo, Juan Diego Montel\u00f3n Flores, Diego Gallegos Medina, Tania Camarena Pizano, Alondra Mar\u00eda Andrade Barrera y Zulema Zarah\u00ed Nava Hern\u00e1ndez, junto con la directora del plantel, Mayra Mac\u00edas Cruz y el profesor de la materia, Fernando Alberto Guti\u00e9rrez Fern\u00e1ndez.<\/p>\n<p>Con este trabajo de vinculaci\u00f3n desarrollado por las y los estudiantes, se atiende un problema que afecta a la colonia Jardines del Llano desde hace m\u00e1s de 30 a\u00f1os y que ha provocado un impacto negativo en el ecosistema, as\u00ed como en la salud y seguridad de los habitantes del lugar.<\/p>\n<p>Estas actividades, dijo Mayra Mac\u00edas, desarrolladas por iniciativa de las y los propios estudiantes, \u201cbenefician a cientos de familias del municipio, as\u00ed como al ecosistema y la calidad de las aguas empleadas para el riego de los cultivos de la zona\u201d.<\/p>\n<p>Adem\u00e1s, destac\u00f3, \u201cse da cumplimiento al compromiso de la Universidad de Colima de crear v\u00ednculos de cooperaci\u00f3n con las autoridades municipales para el desarrollo de actividades que transformen positivamente a la sociedad y nuestro entorno\u201d.<\/p>\n<p>&nbsp;<\/p>\n","protected":false},"excerpt":{"rendered":"<p>*M\u00e1s de 100 estudiantes participaron en las actividades de limpieza. El \u00e1rea intervenida abarca m\u00e1s de 500 metros y beneficia a cientos de habitantes de esta colonia. Este fin de semana, m\u00e1s de 100 alumnos del Bachillerato 18 de la Universidad de Colima, realizaron por m\u00e1s de 9 horas trabajos de limpieza de basura, desmonte&#8230;<\/p>\n","protected":false},"author":2,"featured_media":28987,"comment_status":"open","ping_status":"open","sticky":false,"template":"","format":"standard","meta":{"footnotes":""},"categories":[14],"tags":[29,30,28],"class_list":["post-28986","post","type-post","status-publish","format-standard","has-post-thumbnail","hentry","category-educacion-y-cultura","tag-grid","tag-news","tag-slider"],"_links":{"self":[{"href":"http:\/\/elobservatorio.com.mx\/index.php?rest_route=\/wp\/v2\/posts\/28986"}],"collection":[{"href":"http:\/\/elobservatorio.com.mx\/index.php?rest_route=\/wp\/v2\/posts"}],"about":[{"href":"http:\/\/elobservatorio.com.mx\/index.php?rest_route=\/wp\/v2\/types\/post"}],"author":[{"embeddable":true,"href":"http:\/\/elobservatorio.com.mx\/index.php?rest_route=\/wp\/v2\/users\/2"}],"replies":[{"embeddable":true,"href":"http:\/\/elobservatorio.com.mx\/index.php?rest_route=%2Fwp%2Fv2%2Fcomments&post=28986"}],"version-history":[{"count":1,"href":"http:\/\/elobservatorio.com.mx\/index.php?rest_route=\/wp\/v2\/posts\/28986\/revisions"}],"predecessor-version":[{"id":28988,"href":"http:\/\/elobservatorio.com.mx\/index.php?rest_route=\/wp\/v2\/posts\/28986\/revisions\/28988"}],"wp:featuredmedia":[{"embeddable":true,"href":"http:\/\/elobservatorio.com.mx\/index.php?rest_route=\/wp\/v2\/media\/28987"}],"wp:attachment":[{"href":"http:\/\/elobservatorio.com.mx\/index.php?rest_route=%2Fwp%2Fv2%2Fmedia&parent=28986"}],"wp:term":[{"taxonomy":"category","embeddable":true,"href":"http:\/\/elobservatorio.com.mx\/index.php?rest_route=%2Fwp%2Fv2%2Fcategories&post=28986"},{"taxonomy":"post_tag","embeddable":true,"href":"http:\/\/elobservatorio.com.mx\/index.php?rest_route=%2Fwp%2Fv2%2Ftags&post=28986"}],"curies":[{"name":"wp","href":"https:\/\/api.w.org\/{rel}","templated":true}]}}