{"id":29001,"date":"2023-12-05T21:29:18","date_gmt":"2023-12-06T03:29:18","guid":{"rendered":"http:\/\/elobservatorio.com.mx\/?p=29001"},"modified":"2023-12-05T21:29:18","modified_gmt":"2023-12-06T03:29:18","slug":"entrega-margarita-moreno-100-camaras-corporales-a-policia-municipal-de-colima","status":"publish","type":"post","link":"http:\/\/elobservatorio.com.mx\/?p=29001","title":{"rendered":"Entrega Margarita Moreno 100 c\u00e1maras corporales a Polic\u00eda Municipal de Colima"},"content":{"rendered":"<p><em>*La presidenta municipal destac\u00f3 que con este equipo se da m\u00e1s seguridad, porque se conoce su ubicaci\u00f3n en tiempo real y se documenta el actuar de la polic\u00eda y el ciudadano<\/em><br aria-hidden=\"true\" \/><br aria-hidden=\"true\" \/>\u201cEs del inter\u00e9s de este Gobierno Municipal que las y los polic\u00edas cuenten con las herramientas necesarias y actuales para un mejor y m\u00e1s eficiente desempe\u00f1o de su labor\u201d, afirm\u00f3 la presidenta municipal de Colima, Margarita Moreno, al entregar 100 c\u00e1maras corporales a igual n\u00famero de elementos de la Polic\u00eda Municipal de Colima.<br aria-hidden=\"true\" \/><br aria-hidden=\"true\" \/>\u00abQuiero agradecer a las y los agentes que forman parte de la polic\u00eda municipal, a los Guardaparques tambi\u00e9n. Gracias a todos y todas por trabajar por el bienestar de todas las familias del municipio\u00bb, expres\u00f3 la presidenta municipal.<br aria-hidden=\"true\" \/><br aria-hidden=\"true\" \/>Margarita Moreno afirm\u00f3 que una de las principales tareas que se ha asumido en \u00a0su administraci\u00f3n es reivindicar la imagen de las y los polic\u00edas del municipio, redignificar su labor, as\u00ed como reconocer y valorar la importancia de la gran responsabilidad que tienen.<br aria-hidden=\"true\" \/>\u00a0<br aria-hidden=\"true\" \/>\u201cUstedes son la imagen de nuestro Ayuntamiento y el primer contacto con la poblaci\u00f3n de nuestro municipio, con el empleo de la tecnolog\u00eda, en \u00e9ste caso \u00e9stas c\u00e1maras corporales, se garantiza el actuar de las y los Agentes dentro de sus funciones policiales\u201d, declar\u00f3 Margarita Moreno.<br aria-hidden=\"true\" \/><br aria-hidden=\"true\" \/>Margarita Moreno dirigi\u00f3 un mensaje a las y los elementos de la Polic\u00eda Municipal, a quienes exhort\u00f3 a seguir adelante con esa labor tan valiosa que realizan, y les pidi\u00f3 tener la certeza de que cada uno de sus esfuerzos son valorados y reconocidos.<br aria-hidden=\"true\" \/><br aria-hidden=\"true\" \/>Destac\u00f3, en ese sentido, la capacitaci\u00f3n de este equipamiento tecnol\u00f3gico para que lo utilicen de la mejor manera y cuyos dispositivos permiten darles m\u00e1s seguridad, pues se conoce la ubicaci\u00f3n en tiempo de real de cada uno de los elementos.<br aria-hidden=\"true\" \/><br aria-hidden=\"true\" \/>Por su parte, el Comisionado Municipal de Seguridad y Justicia C\u00edvica, Luis Armando M\u00e9ndez Ram\u00edrez, explic\u00f3 que adem\u00e1s del equipo tecnol\u00f3gico, tambi\u00e9n se da capacitaci\u00f3n permanente para el personal que portar\u00e1 los dispositivos electr\u00f3nicos, la actualizaci\u00f3n del software y el soporte y asistencia 24\/7.<br aria-hidden=\"true\" \/><br aria-hidden=\"true\" \/>Afirm\u00f3 que las c\u00e1maras dar\u00e1n seguridad a las y los agentes al documentar su trabajo ante la ciudadan\u00eda, lo que dar\u00e1 certeza de defender la legalidad del actuar de los agentes, adem\u00e1s de que se tendr\u00e1 la ubicaci\u00f3n en tiempo real de cada uno de los elementos y as\u00ed tener una respuesta r\u00e1pida en caso de si la necesitaran.<br aria-hidden=\"true\" \/><br aria-hidden=\"true\" \/>Destac\u00f3, de igual forma, la transparencia del actuar del agente y el ciudadano, al tiempo que de que se contar\u00e1n las grabaciones como material probatorio en las investigaciones, adem\u00e1s de que destac\u00f3 que este material ser\u00e1 resguardado \u00fanicamente por la polic\u00eda municipal de Colima, cuya informaci\u00f3n est\u00e1 ecriptada.<br aria-hidden=\"true\" \/><br aria-hidden=\"true\" \/>M\u00e9ndez Ram\u00edrez tambi\u00e9n resalt\u00f3 la buena resoluci\u00f3n de las im\u00e1genes y la funci\u00f3n de radio ante el C2, por lo que agradeci\u00f3 a la presidenta Margarita Moreno por dar este equipamiento que permite mejorar el trabajo de seguridad de la polic\u00eda municipal de Colima.<br aria-hidden=\"true\" \/><br aria-hidden=\"true\" \/>Al t\u00e9rmino de su intervenci\u00f3n, se transmiti\u00f3 un video en que se explic\u00f3 el funcionamiento de las c\u00e1maras corporales y cuya utilizaci\u00f3n representan una serie de beneficios para el trabajo de patrullaje y de proximidad ciudadana de la polic\u00eda municipal de Colima.<br aria-hidden=\"true\" \/><br aria-hidden=\"true\" \/><\/p>\n<div>Participaron en la entrega simb\u00f3lica de las c\u00e1maras, Miguel Alejandro Rodr\u00edguez, en representaci\u00f3n de Juan Bravo Vel\u00e1zquez, comandante de la vig\u00e9sima zona militar; \u00a0Roberto Garc\u00eda Avenda\u00f1o, secretario t\u00e9cnico de la mesa de construcci\u00f3n de la paz, as\u00ed como los regidores Osiris Alcaraz Saucedo, Federico Rangel y Jonatan S\u00e1nchez Peregrina.<\/div>\n","protected":false},"excerpt":{"rendered":"<p>*La presidenta municipal destac\u00f3 que con este equipo se da m\u00e1s seguridad, porque se conoce su ubicaci\u00f3n en tiempo real y se documenta el actuar de la polic\u00eda y el ciudadano\u201cEs del inter\u00e9s de este Gobierno Municipal que las y los polic\u00edas cuenten con las herramientas necesarias y actuales para un mejor y m\u00e1s eficiente&#8230;<\/p>\n","protected":false},"author":2,"featured_media":29002,"comment_status":"open","ping_status":"open","sticky":false,"template":"","format":"standard","meta":{"footnotes":""},"categories":[36,8],"tags":[29,30,28],"class_list":["post-29001","post","type-post","status-publish","format-standard","has-post-thumbnail","hentry","category-colima","category-municipios","tag-grid","tag-news","tag-slider"],"_links":{"self":[{"href":"http:\/\/elobservatorio.com.mx\/index.php?rest_route=\/wp\/v2\/posts\/29001"}],"collection":[{"href":"http:\/\/elobservatorio.com.mx\/index.php?rest_route=\/wp\/v2\/posts"}],"about":[{"href":"http:\/\/elobservatorio.com.mx\/index.php?rest_route=\/wp\/v2\/types\/post"}],"author":[{"embeddable":true,"href":"http:\/\/elobservatorio.com.mx\/index.php?rest_route=\/wp\/v2\/users\/2"}],"replies":[{"embeddable":true,"href":"http:\/\/elobservatorio.com.mx\/index.php?rest_route=%2Fwp%2Fv2%2Fcomments&post=29001"}],"version-history":[{"count":1,"href":"http:\/\/elobservatorio.com.mx\/index.php?rest_route=\/wp\/v2\/posts\/29001\/revisions"}],"predecessor-version":[{"id":29003,"href":"http:\/\/elobservatorio.com.mx\/index.php?rest_route=\/wp\/v2\/posts\/29001\/revisions\/29003"}],"wp:featuredmedia":[{"embeddable":true,"href":"http:\/\/elobservatorio.com.mx\/index.php?rest_route=\/wp\/v2\/media\/29002"}],"wp:attachment":[{"href":"http:\/\/elobservatorio.com.mx\/index.php?rest_route=%2Fwp%2Fv2%2Fmedia&parent=29001"}],"wp:term":[{"taxonomy":"category","embeddable":true,"href":"http:\/\/elobservatorio.com.mx\/index.php?rest_route=%2Fwp%2Fv2%2Fcategories&post=29001"},{"taxonomy":"post_tag","embeddable":true,"href":"http:\/\/elobservatorio.com.mx\/index.php?rest_route=%2Fwp%2Fv2%2Ftags&post=29001"}],"curies":[{"name":"wp","href":"https:\/\/api.w.org\/{rel}","templated":true}]}}