{"id":2902,"date":"2019-03-08T22:00:29","date_gmt":"2019-03-08T22:00:29","guid":{"rendered":"http:\/\/elobservatorio.com.mx\/llevan-platicas-sobre-prevencion-de-adicciones-a-alumnos-de-telesecundaria-de-cofradia-de-morelos"},"modified":"2019-03-08T22:00:29","modified_gmt":"2019-03-08T22:00:29","slug":"llevan-platicas-sobre-prevencion-de-adicciones-a-alumnos-de-telesecundaria-de-cofradia-de-morelos","status":"publish","type":"post","link":"http:\/\/elobservatorio.com.mx\/?p=2902","title":{"rendered":"Llevan pl\u00e1ticas sobre prevenci\u00f3n de adicciones a alumnos de Telesecundaria de Cofrad\u00eda de Morelos"},"content":{"rendered":"<p>Este viernes con la participaci\u00f3n de personal docente y 80 alumnos de la escuela Tele Secundaria de Cofrad\u00eda de Morelos \u201cLic. Benito Ju\u00e1rez Garc\u00eda\u201d y con la integraci\u00f3n de 40 alumnos del Tele bachillerato Comunitario No. 10, a iniciativa del Presidente Municipal El\u00edas Antonio Lozano Ochoa, se llevaron pl\u00e1ticas sobre Prevenci\u00f3n de Adicciones y Prevenci\u00f3n de la Violencia en las instalaciones de la referida Secundara.<\/p>\n<p>Estuvo presente el Director de Atenci\u00f3n Ciudadana Efra\u00edn D\u00edaz Guti\u00e9rrez y el Director de Prevenci\u00f3n del Delito Braulio Benjam\u00edn Valle Palomino quien imparti\u00f3 la charla de casi 2 horas \u201cel tema central fue hablarles a los muchachos de las problem\u00e1ticas de los conflictos y lo peligrosos que son las adicciones, c\u00f3mo se inician y c\u00f3mo se forman los conflictos psicol\u00f3gicos, como un problema anterior al consumo de sustancias\u201d.<\/p>\n<p>Destac\u00f3 Braulio Valle Palomino el inter\u00e9s del Presidente de la Junta Municipal de Cofrad\u00eda de Morelos Rafael Guzm\u00e1n Aguilar, por acercar estas pl\u00e1ticas a los j\u00f3venes de su localidad ya que es por todos sabido que las adicciones es un tema que est\u00e1 afectando fuertemente a la juventud; de ah\u00ed la concientizaci\u00f3n de redoblar esfuerzos en materia de prevenci\u00f3n<\/p>\n","protected":false},"excerpt":{"rendered":"<p>Este viernes con la participaci\u00f3n de personal docente y 80 alumnos de la escuela Tele Secundaria de Cofrad\u00eda de Morelos \u201cLic. Benito Ju\u00e1rez Garc\u00eda\u201d y con la integraci\u00f3n de 40 alumnos del Tele bachillerato Comunitario No. 10, a iniciativa del Presidente Municipal El\u00edas Antonio Lozano Ochoa, se llevaron pl\u00e1ticas sobre Prevenci\u00f3n de Adicciones y Prevenci\u00f3n&#8230;<\/p>\n","protected":false},"author":2,"featured_media":2903,"comment_status":"open","ping_status":"open","sticky":false,"template":"","format":"standard","meta":{"footnotes":""},"categories":[8,34],"tags":[29,30,28],"class_list":["post-2902","post","type-post","status-publish","format-standard","has-post-thumbnail","hentry","category-municipios","category-tecoman","tag-grid","tag-news","tag-slider"],"_links":{"self":[{"href":"http:\/\/elobservatorio.com.mx\/index.php?rest_route=\/wp\/v2\/posts\/2902"}],"collection":[{"href":"http:\/\/elobservatorio.com.mx\/index.php?rest_route=\/wp\/v2\/posts"}],"about":[{"href":"http:\/\/elobservatorio.com.mx\/index.php?rest_route=\/wp\/v2\/types\/post"}],"author":[{"embeddable":true,"href":"http:\/\/elobservatorio.com.mx\/index.php?rest_route=\/wp\/v2\/users\/2"}],"replies":[{"embeddable":true,"href":"http:\/\/elobservatorio.com.mx\/index.php?rest_route=%2Fwp%2Fv2%2Fcomments&post=2902"}],"version-history":[{"count":0,"href":"http:\/\/elobservatorio.com.mx\/index.php?rest_route=\/wp\/v2\/posts\/2902\/revisions"}],"wp:featuredmedia":[{"embeddable":true,"href":"http:\/\/elobservatorio.com.mx\/index.php?rest_route=\/wp\/v2\/media\/2903"}],"wp:attachment":[{"href":"http:\/\/elobservatorio.com.mx\/index.php?rest_route=%2Fwp%2Fv2%2Fmedia&parent=2902"}],"wp:term":[{"taxonomy":"category","embeddable":true,"href":"http:\/\/elobservatorio.com.mx\/index.php?rest_route=%2Fwp%2Fv2%2Fcategories&post=2902"},{"taxonomy":"post_tag","embeddable":true,"href":"http:\/\/elobservatorio.com.mx\/index.php?rest_route=%2Fwp%2Fv2%2Ftags&post=2902"}],"curies":[{"name":"wp","href":"https:\/\/api.w.org\/{rel}","templated":true}]}}